{"id":9757,"date":"2025-05-09T11:59:06","date_gmt":"2025-05-09T11:59:06","guid":{"rendered":"https:\/\/encouragement-public.org\/delegation-belgique\/ravivage-de-la-flamme-du-7-mai-2025-lencouragement-public-honore-la-memoire-avec-solennite\/"},"modified":"2026-02-18T15:24:28","modified_gmt":"2026-02-18T15:24:28","slug":"ravivage-de-la-flamme-du-7-mai-2025-lencouragement-public-honore-la-memoire-avec-solennite","status":"publish","type":"post","link":"https:\/\/encouragement-public.org\/delegation-belgique\/ravivage-de-la-flamme-du-7-mai-2025-lencouragement-public-honore-la-memoire-avec-solennite\/","title":{"rendered":"Ravivage de la Flamme du 7 mai 2025 : L\u2019Encouragement Public honore la m\u00e9moire avec solennit\u00e9"},"content":{"rendered":"\n<h3 class=\"wp-block-heading\"><strong>Ravivage de la Flamme du 7 mai 2025 : L\u2019Encouragement Public honore la m\u00e9moire avec solennit\u00e9<\/strong><\/h3>\n\n\n\n<figure class=\"wp-block-image size-large\"><img loading=\"lazy\" decoding=\"async\" width=\"1024\" height=\"575\" src=\"https:\/\/encouragement-public.org\/delegation-belgique\/wp-content\/uploads\/sites\/20\/2025\/05\/IMG_1057-scaled-e1746791736625-1024x575.jpg\" alt=\"Ravivage de la Flamme du 7 mai 2025 : L\u2019Encouragement Public honore la m\u00e9moire avec solennit\u00e9\" class=\"wp-image-9758\" srcset=\"https:\/\/encouragement-public.org\/delegation-belgique\/wp-content\/uploads\/sites\/20\/2025\/05\/IMG_1057-scaled-e1746791736625-1024x575.jpg 1024w, https:\/\/encouragement-public.org\/delegation-belgique\/wp-content\/uploads\/sites\/20\/2025\/05\/IMG_1057-scaled-e1746791736625-300x169.jpg 300w\" sizes=\"auto, (max-width: 1024px) 100vw, 1024px\" \/><figcaption class=\"wp-element-caption\">Ravivage de la Flamme du 7 mai 2025 : L\u2019Encouragement Public honore la m\u00e9moire avec solennit\u00e9<\/figcaption><\/figure>\n\n\n\n<p><strong>Paris, le 7 mai 2025 \u2014<\/strong><br>Sous la vo\u00fbte majestueuse de l\u2019Arc de Triomphe, l\u00e0 o\u00f9 br\u00fble chaque soir la Flamme du Souvenir, s\u2019est tenue une c\u00e9r\u00e9monie profond\u00e9ment symbolique. Depuis son instauration le 11 novembre 1923, <a href=\"https:\/\/www.laflammesouslarcdetriomphe.org\/association\/histoire?utm_source=chatgpt.com\" target=\"_blank\" rel=\"noreferrer noopener\">le ravivage de la Flamme <\/a>rend hommage au Soldat inconnu et, \u00e0 travers lui, \u00e0 tous les soldats morts pour la France. Ce geste quotidien, empreint de recueillement et de respect, incarne la m\u00e9moire vivante de la Nation.<\/p>\n\n\n\n<p>En ce 7 mai 2025, l\u2019association <strong>L\u2019Encouragement Public<\/strong> a pris part \u00e0 cette tradition r\u00e9publicaine, aux c\u00f4t\u00e9s de <strong>sept autres associations<\/strong> venues t\u00e9moigner de leur engagement m\u00e9moriel. D\u00e8s 17h30, les participants se sont regroup\u00e9s \u00e0 l\u2019entr\u00e9e du tunnel menant \u00e0 la tombe du Soldat inconnu, drapeaux en t\u00eate \u2013 celui de L\u2019Encouragement Public et celui du Souvenir Fran\u00e7ais du 11e arrondissement \u2013 port\u00e9s avec fiert\u00e9 et solennit\u00e9.<\/p>\n\n\n\n<figure class=\"wp-block-image size-large\"><img decoding=\"async\" src=\"https:\/\/encouragement-public.org\/delegation-belgique\/wp-content\/uploads\/sites\/20\/2025\/05\/IMG_1048-scaled-e1746811076693-1024x573.jpg\" alt=\"\" class=\"wp-image-9778\"\/><figcaption class=\"wp-element-caption\">Repr\u00e9sentants des huit associations r\u00e9unis sous l\u2019Arc de Triomphe le 7 mai 2025 pour le ravivage de la Flamme du Soldat inconnu. Un moment solennel de m\u00e9moire partag\u00e9e, marquant l\u2019unit\u00e9 des engagements associatifs autour du devoir de transmission :<br>L\u2019Encouragement Public, Le Souvenir Fran\u00e7ais (11\u1d49), Amicale Dien Bien Phu et ANAPI, A1QOG \u2013 1er RPIMa, Amicale du 6e RPIMa, AACRMI, Association Mondement 1914 \u2013 Les Soldats de la Marne, Puy du Fou Acad\u00e9mie, et l\u2019Union nationale des combattants \u2013 Saint-Germain-en-Laye.<\/figcaption><\/figure>\n\n\n\n<p>Le moment fort de la c\u00e9r\u00e9monie fut le d\u00e9p\u00f4t des gerbes. <strong>Jean-Yves Parras<\/strong>, vice-pr\u00e9sident de L\u2019Encouragement Public et professeur \u00e0 l\u2019universit\u00e9 ESA, a eu l\u2019honneur de d\u00e9poser deux gerbes : l\u2019une au nom de <strong>L\u2019Encouragement Public<\/strong>, l\u2019autre au nom du <strong>Souvenir Fran\u00e7ais \u2013 comit\u00e9 du 11\u1d49 arrondissement<\/strong>. Il \u00e9tait accompagn\u00e9, pour chaque d\u00e9p\u00f4t, de <strong>deux de ses \u00e9tudiants<\/strong>, un gar\u00e7on et une fille, illustrant la volont\u00e9 claire d\u2019associer les jeunes g\u00e9n\u00e9rations \u00e0 ce devoir de m\u00e9moire. Leur pr\u00e9sence attentive et respectueuse a donn\u00e9 \u00e0 ce moment solennel une dimension interg\u00e9n\u00e9rationnelle particuli\u00e8rement \u00e9mouvante.<\/p>\n\n\n\n<figure class=\"wp-block-image size-large\"><img decoding=\"async\" src=\"https:\/\/encouragement-public.org\/delegation-belgique\/wp-content\/uploads\/sites\/20\/2025\/05\/IMG_1067-1024x576.jpg\" alt=\"\" class=\"wp-image-9762\"\/><figcaption class=\"wp-element-caption\">Jean-Yves Parras accompagn\u00e9 de deux \u00e9tudiants<\/figcaption><\/figure>\n\n\n\n<p>La Flamme, raviv\u00e9e avec la gravit\u00e9 qui s\u2019impose, a illumin\u00e9 les visages tourn\u00e9s vers le souvenir. Les gestes \u00e9taient lents, mesur\u00e9s, charg\u00e9s de respect. Le silence, seulement rompu par les consignes du protocole ou le bruit feutr\u00e9 des pas, renfor\u00e7ait la solennit\u00e9 du moment. L\u2019\u00e9motion \u00e9tait palpable.<\/p>\n\n\n\n<p><strong>Nicole Bedel<\/strong>, secr\u00e9taire g\u00e9n\u00e9rale de L\u2019Encouragement Public, a assur\u00e9 la coordination de la participation de l\u2019association \u00e0 cette c\u00e9r\u00e9monie, en lien \u00e9troit avec le <strong>Comit\u00e9 de la Flamme<\/strong>. Gr\u00e2ce \u00e0 son engagement, la mobilisation des membres a \u00e9t\u00e9 exemplaire.<\/p>\n\n\n\n<figure class=\"wp-block-image size-large\"><img decoding=\"async\" src=\"https:\/\/encouragement-public.org\/delegation-belgique\/wp-content\/uploads\/sites\/20\/2025\/05\/IMG_1233-scaled-e1746812306300-1024x575.jpg\" alt=\"\" class=\"wp-image-9777\"\/><figcaption class=\"wp-element-caption\">Les membres de L\u2019Encouragement Public rassembl\u00e9s au pied de l\u2019Arc de Triomphe \u00e0 l\u2019issue de la c\u00e9r\u00e9monie du 7 mai 2025, aux c\u00f4t\u00e9s des \u00e9tudiants invit\u00e9s. Unis par le devoir de m\u00e9moire, ils incarnent la continuit\u00e9 du lien entre g\u00e9n\u00e9rations au service des valeurs r\u00e9publicaines.<\/figcaption><\/figure>\n\n\n\n<p>Parmi les membres de l\u2019association pr\u00e9sents figuraient :<br><strong>Georges Pombas<\/strong> (tr\u00e9sorier), <strong>B. R. Boulanger, Philippe Fagot, Pauline Bizet, Hiroomi Tatematsu<\/strong> (d\u00e9l\u00e9gu\u00e9 du Japon), <strong>Claude Haennig, Paulette Barr\u00e9, Daniel Theault, Erik Liger<\/strong>, <strong>Alain Fougerit<\/strong> et <strong>Wissem Ben Hassine, <\/strong>. Tous ont tenu \u00e0 honorer la m\u00e9moire des disparus et \u00e0 affirmer leur attachement aux valeurs r\u00e9publicaines.<\/p>\n\n\n\n<figure class=\"wp-block-image size-large\"><img decoding=\"async\" src=\"https:\/\/encouragement-public.org\/wp-content\/uploads\/2025\/05\/IMG_1204-1024x768.jpg\" alt=\"\" class=\"wp-image-510085\"\/><\/figure>\n\n\n\n<p>La pr\u00e9sence <strong>des \u00e9l\u00e8ves invit\u00e9s par Jean-Yves Parras <\/strong>a \u00e9t\u00e9 un moment fort. T\u00e9moins directs de la transmission de m\u00e9moire, ces jeunes se sont pleinement investis dans la c\u00e9r\u00e9monie, incarnant l\u2019esprit de la jeunesse citoyenne, consciente de son histoire et de ses responsabilit\u00e9s.<\/p>\n\n\n\n<h4 class=\"wp-block-heading\"><strong>Le 7 mai, les associations suivantes ont \u00e9galement particip\u00e9 \u00e0 la c\u00e9r\u00e9monie :<\/strong><\/h4>\n\n\n\n<ul class=\"wp-block-list\">\n<li><strong>Le Souvenir Fran\u00e7ais \u2013 comit\u00e9 du 11\u1d49 arrondissement<\/strong><br>\ud83d\udd17 <a href=\"https:\/\/le-souvenir-francais.fr\" target=\"_blank\" rel=\"noreferrer noopener\">le-souvenir-francais.fr<\/a><\/li>\n\n\n\n<li><strong>Amicale du 6e RPIMA<\/strong><\/li>\n\n\n\n<li><strong>Association des anciens combattants du minist\u00e8re de l\u2019Int\u00e9rieur (AACRMI)<\/strong><\/li>\n\n\n\n<li><strong>Association Mondement 1914 \u2013 Les Soldats de la Marne \u2013 Joffre \u2013 Foch<\/strong><\/li>\n\n\n\n<li><strong>Puy du Fou Acad\u00e9mie<\/strong><br>\ud83d\udd17 <a href=\"https:\/\/www.puydufou-academie.com\" target=\"_blank\" rel=\"noreferrer noopener\">puydufou-academie.com<\/a><\/li>\n\n\n\n<li><strong>Union nationale des combattants \u2013 Section de Saint-Germain-en-Laye, Chambourcy, Mareil-Marly<\/strong><br>\ud83d\udd17 <a href=\"https:\/\/www.unc.fr\" target=\"_blank\" rel=\"noreferrer noopener\">unc.fr<\/a><\/li>\n<\/ul>\n\n\n\n<p>\u00c0 travers cette pr\u00e9sence collective et interg\u00e9n\u00e9rationnelle, la c\u00e9r\u00e9monie du 7 mai a rappel\u00e9 que la m\u00e9moire se construit et se transmet. Chaque visage, chaque main tendue, chaque regard lev\u00e9 vers la Flamme portait le poids de l\u2019histoire, mais aussi l\u2019esp\u00e9rance de la continuit\u00e9.<\/p>\n\n\n\n<p><strong>L\u2019Encouragement Public<\/strong>, fid\u00e8le \u00e0 ses valeurs de civisme et d\u2019engagement, confirme par sa participation son r\u00f4le actif dans la pr\u00e9servation de la m\u00e9moire collective. En impliquant les jeunes, en rassemblant les g\u00e9n\u00e9rations, en donnant du sens au souvenir, l\u2019association incarne une m\u00e9moire vivante et citoyenne.<\/p>\n\n\n\n<p>Pour en savoir plus sur ses actions : <a href=\"https:\/\/encouragement-public.org\/qui-sommes-nous\/\" target=\"_blank\" rel=\"noreferrer noopener\">encouragement-public.org<\/a><\/p>\n\n\n\n<figure class=\"wp-block-image size-large\"><img decoding=\"async\" src=\"https:\/\/encouragement-public.org\/wp-content\/uploads\/2025\/05\/IMG_1189-1024x576.jpg\" alt=\"\" class=\"wp-image-510079\"\/><\/figure>\n\n\n\n<div style=\"height:152px\" aria-hidden=\"true\" class=\"wp-block-spacer\"><\/div>\n","protected":false},"excerpt":{"rendered":"<p>Le 7 mai 2025, sous l\u2019Arc de Triomphe, l\u2019association L\u2019Encouragement Public a pris part avec solennit\u00e9 au ravivage de la Flamme du Soldat inconnu. Aux c\u00f4t\u00e9s de sept autres associations, ses membres \u2013 accompagn\u00e9s de jeunes \u00e9tudiants \u2013 ont honor\u00e9 la m\u00e9moire des combattants tomb\u00e9s pour la France. Par un geste fort de transmission et de civisme, l\u2019association r\u00e9affirme son engagement pour faire vivre le souvenir, en impliquant les g\u00e9n\u00e9rations futures dans ce rituel r\u00e9publicain de m\u00e9moire.<\/p>\n","protected":false},"author":1,"featured_media":9758,"comment_status":"closed","ping_status":"closed","sticky":false,"template":"","format":"standard","meta":{"footnotes":""},"categories":[241,243,325],"tags":[],"class_list":["post-9757","post","type-post","status-publish","format-standard","has-post-thumbnail","hentry","category-ceremonies-vie-culturelle","category-ceremonies","category-siege"],"yoast_head":"<!-- This site is optimized with the Yoast SEO plugin v27.5 - https:\/\/yoast.com\/product\/yoast-seo-wordpress\/ -->\n<title>Ravivage de la Flamme du 7 mai 2025 : L\u2019Encouragement Public honore la m\u00e9moire avec solennit\u00e9 - D\u00e9l\u00e9gation Belgique<\/title>\n<meta name=\"robots\" content=\"index, follow, max-snippet:-1, max-image-preview:large, max-video-preview:-1\" \/>\n<link rel=\"canonical\" href=\"https:\/\/encouragement-public.org\/delegation-belgique\/ravivage-de-la-flamme-du-7-mai-2025-lencouragement-public-honore-la-memoire-avec-solennite\/\" \/>\n<meta property=\"og:locale\" content=\"fr_FR\" \/>\n<meta property=\"og:type\" content=\"article\" \/>\n<meta property=\"og:title\" content=\"Ravivage de la Flamme du 7 mai 2025 : L\u2019Encouragement Public honore la m\u00e9moire avec solennit\u00e9 - D\u00e9l\u00e9gation Belgique\" \/>\n<meta property=\"og:description\" content=\"Le 7 mai 2025, sous l\u2019Arc de Triomphe, l\u2019association L\u2019Encouragement Public a pris part avec solennit\u00e9 au ravivage de la Flamme du Soldat inconnu. Aux c\u00f4t\u00e9s de sept autres associations, ses membres \u2013 accompagn\u00e9s de jeunes \u00e9tudiants \u2013 ont honor\u00e9 la m\u00e9moire des combattants tomb\u00e9s pour la France. Par un geste fort de transmission et de civisme, l\u2019association r\u00e9affirme son engagement pour faire vivre le souvenir, en impliquant les g\u00e9n\u00e9rations futures dans ce rituel r\u00e9publicain de m\u00e9moire.\" \/>\n<meta property=\"og:url\" content=\"https:\/\/encouragement-public.org\/delegation-belgique\/ravivage-de-la-flamme-du-7-mai-2025-lencouragement-public-honore-la-memoire-avec-solennite\/\" \/>\n<meta property=\"og:site_name\" content=\"D\u00e9l\u00e9gation Belgique\" \/>\n<meta property=\"article:published_time\" content=\"2025-05-09T11:59:06+00:00\" \/>\n<meta property=\"article:modified_time\" content=\"2026-02-18T15:24:28+00:00\" \/>\n<meta property=\"og:image\" content=\"https:\/\/encouragement-public.org\/delegation-belgique\/wp-content\/uploads\/sites\/20\/2025\/05\/IMG_1057-scaled-e1746791736625.jpg\" \/>\n\t<meta property=\"og:image:width\" content=\"2560\" \/>\n\t<meta property=\"og:image:height\" content=\"1438\" \/>\n\t<meta property=\"og:image:type\" content=\"image\/jpeg\" \/>\n<meta name=\"author\" content=\"EP-France\" \/>\n<meta name=\"twitter:card\" content=\"summary_large_image\" \/>\n<meta name=\"twitter:label1\" content=\"\u00c9crit par\" \/>\n\t<meta name=\"twitter:data1\" content=\"EP-France\" \/>\n\t<meta name=\"twitter:label2\" content=\"Dur\u00e9e de lecture estim\u00e9e\" \/>\n\t<meta name=\"twitter:data2\" content=\"6 minutes\" \/>\n<script type=\"application\/ld+json\" class=\"yoast-schema-graph\">{\"@context\":\"https:\\\/\\\/schema.org\",\"@graph\":[{\"@type\":\"Article\",\"@id\":\"https:\\\/\\\/encouragement-public.org\\\/delegation-belgique\\\/ravivage-de-la-flamme-du-7-mai-2025-lencouragement-public-honore-la-memoire-avec-solennite\\\/#article\",\"isPartOf\":{\"@id\":\"https:\\\/\\\/encouragement-public.org\\\/delegation-belgique\\\/ravivage-de-la-flamme-du-7-mai-2025-lencouragement-public-honore-la-memoire-avec-solennite\\\/\"},\"author\":{\"name\":\"EP-France\",\"@id\":\"https:\\\/\\\/encouragement-public.org\\\/delegation-belgique\\\/#\\\/schema\\\/person\\\/2d658710b1357f9e567503f0527fbfcd\"},\"headline\":\"Ravivage de la Flamme du 7 mai 2025 : L\u2019Encouragement Public honore la m\u00e9moire avec solennit\u00e9\",\"datePublished\":\"2025-05-09T11:59:06+00:00\",\"dateModified\":\"2026-02-18T15:24:28+00:00\",\"mainEntityOfPage\":{\"@id\":\"https:\\\/\\\/encouragement-public.org\\\/delegation-belgique\\\/ravivage-de-la-flamme-du-7-mai-2025-lencouragement-public-honore-la-memoire-avec-solennite\\\/\"},\"wordCount\":836,\"image\":{\"@id\":\"https:\\\/\\\/encouragement-public.org\\\/delegation-belgique\\\/ravivage-de-la-flamme-du-7-mai-2025-lencouragement-public-honore-la-memoire-avec-solennite\\\/#primaryimage\"},\"thumbnailUrl\":\"https:\\\/\\\/encouragement-public.org\\\/delegation-belgique\\\/wp-content\\\/uploads\\\/sites\\\/20\\\/2025\\\/05\\\/IMG_1057-scaled-e1746791736625.jpg\",\"articleSection\":[\"C\u00c9R\u00c9MONIE\",\"C\u00c9R\u00c9MONIES\",\"SI\u00c8GE\"],\"inLanguage\":\"fr-FR\"},{\"@type\":\"WebPage\",\"@id\":\"https:\\\/\\\/encouragement-public.org\\\/delegation-belgique\\\/ravivage-de-la-flamme-du-7-mai-2025-lencouragement-public-honore-la-memoire-avec-solennite\\\/\",\"url\":\"https:\\\/\\\/encouragement-public.org\\\/delegation-belgique\\\/ravivage-de-la-flamme-du-7-mai-2025-lencouragement-public-honore-la-memoire-avec-solennite\\\/\",\"name\":\"Ravivage de la Flamme du 7 mai 2025 : L\u2019Encouragement Public honore la m\u00e9moire avec solennit\u00e9 - D\u00e9l\u00e9gation Belgique\",\"isPartOf\":{\"@id\":\"https:\\\/\\\/encouragement-public.org\\\/delegation-belgique\\\/#website\"},\"primaryImageOfPage\":{\"@id\":\"https:\\\/\\\/encouragement-public.org\\\/delegation-belgique\\\/ravivage-de-la-flamme-du-7-mai-2025-lencouragement-public-honore-la-memoire-avec-solennite\\\/#primaryimage\"},\"image\":{\"@id\":\"https:\\\/\\\/encouragement-public.org\\\/delegation-belgique\\\/ravivage-de-la-flamme-du-7-mai-2025-lencouragement-public-honore-la-memoire-avec-solennite\\\/#primaryimage\"},\"thumbnailUrl\":\"https:\\\/\\\/encouragement-public.org\\\/delegation-belgique\\\/wp-content\\\/uploads\\\/sites\\\/20\\\/2025\\\/05\\\/IMG_1057-scaled-e1746791736625.jpg\",\"datePublished\":\"2025-05-09T11:59:06+00:00\",\"dateModified\":\"2026-02-18T15:24:28+00:00\",\"author\":{\"@id\":\"https:\\\/\\\/encouragement-public.org\\\/delegation-belgique\\\/#\\\/schema\\\/person\\\/2d658710b1357f9e567503f0527fbfcd\"},\"breadcrumb\":{\"@id\":\"https:\\\/\\\/encouragement-public.org\\\/delegation-belgique\\\/ravivage-de-la-flamme-du-7-mai-2025-lencouragement-public-honore-la-memoire-avec-solennite\\\/#breadcrumb\"},\"inLanguage\":\"fr-FR\",\"potentialAction\":[{\"@type\":\"ReadAction\",\"target\":[\"https:\\\/\\\/encouragement-public.org\\\/delegation-belgique\\\/ravivage-de-la-flamme-du-7-mai-2025-lencouragement-public-honore-la-memoire-avec-solennite\\\/\"]}]},{\"@type\":\"ImageObject\",\"inLanguage\":\"fr-FR\",\"@id\":\"https:\\\/\\\/encouragement-public.org\\\/delegation-belgique\\\/ravivage-de-la-flamme-du-7-mai-2025-lencouragement-public-honore-la-memoire-avec-solennite\\\/#primaryimage\",\"url\":\"https:\\\/\\\/encouragement-public.org\\\/delegation-belgique\\\/wp-content\\\/uploads\\\/sites\\\/20\\\/2025\\\/05\\\/IMG_1057-scaled-e1746791736625.jpg\",\"contentUrl\":\"https:\\\/\\\/encouragement-public.org\\\/delegation-belgique\\\/wp-content\\\/uploads\\\/sites\\\/20\\\/2025\\\/05\\\/IMG_1057-scaled-e1746791736625.jpg\",\"width\":2560,\"height\":1438,\"caption\":\"Ravivage de la Flamme du 7 mai 2025 : L\u2019Encouragement Public honore la m\u00e9moire avec solennit\u00e9\"},{\"@type\":\"BreadcrumbList\",\"@id\":\"https:\\\/\\\/encouragement-public.org\\\/delegation-belgique\\\/ravivage-de-la-flamme-du-7-mai-2025-lencouragement-public-honore-la-memoire-avec-solennite\\\/#breadcrumb\",\"itemListElement\":[{\"@type\":\"ListItem\",\"position\":1,\"name\":\"Accueil\",\"item\":\"https:\\\/\\\/encouragement-public.org\\\/delegation-belgique\\\/\"},{\"@type\":\"ListItem\",\"position\":2,\"name\":\"SANS CAT\u00c9GORIE\",\"item\":\"https:\\\/\\\/encouragement-public.org\\\/delegation-belgique\\\/category\\\/sans-categorie\\\/\"},{\"@type\":\"ListItem\",\"position\":3,\"name\":\"Ravivage de la Flamme du 7 mai 2025 : L\u2019Encouragement Public honore la m\u00e9moire avec solennit\u00e9\"}]},{\"@type\":\"WebSite\",\"@id\":\"https:\\\/\\\/encouragement-public.org\\\/delegation-belgique\\\/#website\",\"url\":\"https:\\\/\\\/encouragement-public.org\\\/delegation-belgique\\\/\",\"name\":\"D\u00e9l\u00e9gation Belgique\",\"description\":\"Savoir r\u00e9compenser le m\u00e9rite\",\"potentialAction\":[{\"@type\":\"SearchAction\",\"target\":{\"@type\":\"EntryPoint\",\"urlTemplate\":\"https:\\\/\\\/encouragement-public.org\\\/delegation-belgique\\\/?s={search_term_string}\"},\"query-input\":{\"@type\":\"PropertyValueSpecification\",\"valueRequired\":true,\"valueName\":\"search_term_string\"}}],\"inLanguage\":\"fr-FR\"},{\"@type\":\"Person\",\"@id\":\"https:\\\/\\\/encouragement-public.org\\\/delegation-belgique\\\/#\\\/schema\\\/person\\\/2d658710b1357f9e567503f0527fbfcd\",\"name\":\"EP-France\",\"image\":{\"@type\":\"ImageObject\",\"inLanguage\":\"fr-FR\",\"@id\":\"https:\\\/\\\/encouragement-public.org\\\/delegation-belgique\\\/wp-content\\\/uploads\\\/2020\\\/08\\\/icone-EP-134x150.png\",\"url\":\"https:\\\/\\\/encouragement-public.org\\\/delegation-belgique\\\/wp-content\\\/uploads\\\/2020\\\/08\\\/icone-EP-134x150.png\",\"contentUrl\":\"https:\\\/\\\/encouragement-public.org\\\/delegation-belgique\\\/wp-content\\\/uploads\\\/2020\\\/08\\\/icone-EP-134x150.png\",\"caption\":\"EP-France\"},\"url\":\"https:\\\/\\\/encouragement-public.org\\\/delegation-belgique\"}]}<\/script>\n<!-- \/ Yoast SEO plugin. -->","yoast_head_json":{"title":"Ravivage de la Flamme du 7 mai 2025 : L\u2019Encouragement Public honore la m\u00e9moire avec solennit\u00e9 - D\u00e9l\u00e9gation Belgique","robots":{"index":"index","follow":"follow","max-snippet":"max-snippet:-1","max-image-preview":"max-image-preview:large","max-video-preview":"max-video-preview:-1"},"canonical":"https:\/\/encouragement-public.org\/delegation-belgique\/ravivage-de-la-flamme-du-7-mai-2025-lencouragement-public-honore-la-memoire-avec-solennite\/","og_locale":"fr_FR","og_type":"article","og_title":"Ravivage de la Flamme du 7 mai 2025 : L\u2019Encouragement Public honore la m\u00e9moire avec solennit\u00e9 - D\u00e9l\u00e9gation Belgique","og_description":"Le 7 mai 2025, sous l\u2019Arc de Triomphe, l\u2019association L\u2019Encouragement Public a pris part avec solennit\u00e9 au ravivage de la Flamme du Soldat inconnu. Aux c\u00f4t\u00e9s de sept autres associations, ses membres \u2013 accompagn\u00e9s de jeunes \u00e9tudiants \u2013 ont honor\u00e9 la m\u00e9moire des combattants tomb\u00e9s pour la France. Par un geste fort de transmission et de civisme, l\u2019association r\u00e9affirme son engagement pour faire vivre le souvenir, en impliquant les g\u00e9n\u00e9rations futures dans ce rituel r\u00e9publicain de m\u00e9moire.","og_url":"https:\/\/encouragement-public.org\/delegation-belgique\/ravivage-de-la-flamme-du-7-mai-2025-lencouragement-public-honore-la-memoire-avec-solennite\/","og_site_name":"D\u00e9l\u00e9gation Belgique","article_published_time":"2025-05-09T11:59:06+00:00","article_modified_time":"2026-02-18T15:24:28+00:00","og_image":[{"width":2560,"height":1438,"url":"https:\/\/encouragement-public.org\/delegation-belgique\/wp-content\/uploads\/sites\/20\/2025\/05\/IMG_1057-scaled-e1746791736625.jpg","type":"image\/jpeg"}],"author":"EP-France","twitter_card":"summary_large_image","twitter_misc":{"\u00c9crit par":"EP-France","Dur\u00e9e de lecture estim\u00e9e":"6 minutes"},"schema":{"@context":"https:\/\/schema.org","@graph":[{"@type":"Article","@id":"https:\/\/encouragement-public.org\/delegation-belgique\/ravivage-de-la-flamme-du-7-mai-2025-lencouragement-public-honore-la-memoire-avec-solennite\/#article","isPartOf":{"@id":"https:\/\/encouragement-public.org\/delegation-belgique\/ravivage-de-la-flamme-du-7-mai-2025-lencouragement-public-honore-la-memoire-avec-solennite\/"},"author":{"name":"EP-France","@id":"https:\/\/encouragement-public.org\/delegation-belgique\/#\/schema\/person\/2d658710b1357f9e567503f0527fbfcd"},"headline":"Ravivage de la Flamme du 7 mai 2025 : L\u2019Encouragement Public honore la m\u00e9moire avec solennit\u00e9","datePublished":"2025-05-09T11:59:06+00:00","dateModified":"2026-02-18T15:24:28+00:00","mainEntityOfPage":{"@id":"https:\/\/encouragement-public.org\/delegation-belgique\/ravivage-de-la-flamme-du-7-mai-2025-lencouragement-public-honore-la-memoire-avec-solennite\/"},"wordCount":836,"image":{"@id":"https:\/\/encouragement-public.org\/delegation-belgique\/ravivage-de-la-flamme-du-7-mai-2025-lencouragement-public-honore-la-memoire-avec-solennite\/#primaryimage"},"thumbnailUrl":"https:\/\/encouragement-public.org\/delegation-belgique\/wp-content\/uploads\/sites\/20\/2025\/05\/IMG_1057-scaled-e1746791736625.jpg","articleSection":["C\u00c9R\u00c9MONIE","C\u00c9R\u00c9MONIES","SI\u00c8GE"],"inLanguage":"fr-FR"},{"@type":"WebPage","@id":"https:\/\/encouragement-public.org\/delegation-belgique\/ravivage-de-la-flamme-du-7-mai-2025-lencouragement-public-honore-la-memoire-avec-solennite\/","url":"https:\/\/encouragement-public.org\/delegation-belgique\/ravivage-de-la-flamme-du-7-mai-2025-lencouragement-public-honore-la-memoire-avec-solennite\/","name":"Ravivage de la Flamme du 7 mai 2025 : L\u2019Encouragement Public honore la m\u00e9moire avec solennit\u00e9 - D\u00e9l\u00e9gation Belgique","isPartOf":{"@id":"https:\/\/encouragement-public.org\/delegation-belgique\/#website"},"primaryImageOfPage":{"@id":"https:\/\/encouragement-public.org\/delegation-belgique\/ravivage-de-la-flamme-du-7-mai-2025-lencouragement-public-honore-la-memoire-avec-solennite\/#primaryimage"},"image":{"@id":"https:\/\/encouragement-public.org\/delegation-belgique\/ravivage-de-la-flamme-du-7-mai-2025-lencouragement-public-honore-la-memoire-avec-solennite\/#primaryimage"},"thumbnailUrl":"https:\/\/encouragement-public.org\/delegation-belgique\/wp-content\/uploads\/sites\/20\/2025\/05\/IMG_1057-scaled-e1746791736625.jpg","datePublished":"2025-05-09T11:59:06+00:00","dateModified":"2026-02-18T15:24:28+00:00","author":{"@id":"https:\/\/encouragement-public.org\/delegation-belgique\/#\/schema\/person\/2d658710b1357f9e567503f0527fbfcd"},"breadcrumb":{"@id":"https:\/\/encouragement-public.org\/delegation-belgique\/ravivage-de-la-flamme-du-7-mai-2025-lencouragement-public-honore-la-memoire-avec-solennite\/#breadcrumb"},"inLanguage":"fr-FR","potentialAction":[{"@type":"ReadAction","target":["https:\/\/encouragement-public.org\/delegation-belgique\/ravivage-de-la-flamme-du-7-mai-2025-lencouragement-public-honore-la-memoire-avec-solennite\/"]}]},{"@type":"ImageObject","inLanguage":"fr-FR","@id":"https:\/\/encouragement-public.org\/delegation-belgique\/ravivage-de-la-flamme-du-7-mai-2025-lencouragement-public-honore-la-memoire-avec-solennite\/#primaryimage","url":"https:\/\/encouragement-public.org\/delegation-belgique\/wp-content\/uploads\/sites\/20\/2025\/05\/IMG_1057-scaled-e1746791736625.jpg","contentUrl":"https:\/\/encouragement-public.org\/delegation-belgique\/wp-content\/uploads\/sites\/20\/2025\/05\/IMG_1057-scaled-e1746791736625.jpg","width":2560,"height":1438,"caption":"Ravivage de la Flamme du 7 mai 2025 : L\u2019Encouragement Public honore la m\u00e9moire avec solennit\u00e9"},{"@type":"BreadcrumbList","@id":"https:\/\/encouragement-public.org\/delegation-belgique\/ravivage-de-la-flamme-du-7-mai-2025-lencouragement-public-honore-la-memoire-avec-solennite\/#breadcrumb","itemListElement":[{"@type":"ListItem","position":1,"name":"Accueil","item":"https:\/\/encouragement-public.org\/delegation-belgique\/"},{"@type":"ListItem","position":2,"name":"SANS CAT\u00c9GORIE","item":"https:\/\/encouragement-public.org\/delegation-belgique\/category\/sans-categorie\/"},{"@type":"ListItem","position":3,"name":"Ravivage de la Flamme du 7 mai 2025 : L\u2019Encouragement Public honore la m\u00e9moire avec solennit\u00e9"}]},{"@type":"WebSite","@id":"https:\/\/encouragement-public.org\/delegation-belgique\/#website","url":"https:\/\/encouragement-public.org\/delegation-belgique\/","name":"D\u00e9l\u00e9gation Belgique","description":"Savoir r\u00e9compenser le m\u00e9rite","potentialAction":[{"@type":"SearchAction","target":{"@type":"EntryPoint","urlTemplate":"https:\/\/encouragement-public.org\/delegation-belgique\/?s={search_term_string}"},"query-input":{"@type":"PropertyValueSpecification","valueRequired":true,"valueName":"search_term_string"}}],"inLanguage":"fr-FR"},{"@type":"Person","@id":"https:\/\/encouragement-public.org\/delegation-belgique\/#\/schema\/person\/2d658710b1357f9e567503f0527fbfcd","name":"EP-France","image":{"@type":"ImageObject","inLanguage":"fr-FR","@id":"https:\/\/encouragement-public.org\/delegation-belgique\/wp-content\/uploads\/2020\/08\/icone-EP-134x150.png","url":"https:\/\/encouragement-public.org\/delegation-belgique\/wp-content\/uploads\/2020\/08\/icone-EP-134x150.png","contentUrl":"https:\/\/encouragement-public.org\/delegation-belgique\/wp-content\/uploads\/2020\/08\/icone-EP-134x150.png","caption":"EP-France"},"url":"https:\/\/encouragement-public.org\/delegation-belgique"}]}},"_links":{"self":[{"href":"https:\/\/encouragement-public.org\/delegation-belgique\/wp-json\/wp\/v2\/posts\/9757","targetHints":{"allow":["GET"]}}],"collection":[{"href":"https:\/\/encouragement-public.org\/delegation-belgique\/wp-json\/wp\/v2\/posts"}],"about":[{"href":"https:\/\/encouragement-public.org\/delegation-belgique\/wp-json\/wp\/v2\/types\/post"}],"author":[{"embeddable":true,"href":"https:\/\/encouragement-public.org\/delegation-belgique\/wp-json\/wp\/v2\/users\/1"}],"replies":[{"embeddable":true,"href":"https:\/\/encouragement-public.org\/delegation-belgique\/wp-json\/wp\/v2\/comments?post=9757"}],"version-history":[{"count":62,"href":"https:\/\/encouragement-public.org\/delegation-belgique\/wp-json\/wp\/v2\/posts\/9757\/revisions"}],"predecessor-version":[{"id":9825,"href":"https:\/\/encouragement-public.org\/delegation-belgique\/wp-json\/wp\/v2\/posts\/9757\/revisions\/9825"}],"wp:featuredmedia":[{"embeddable":true,"href":"https:\/\/encouragement-public.org\/delegation-belgique\/wp-json\/wp\/v2\/media\/9758"}],"wp:attachment":[{"href":"https:\/\/encouragement-public.org\/delegation-belgique\/wp-json\/wp\/v2\/media?parent=9757"}],"wp:term":[{"taxonomy":"category","embeddable":true,"href":"https:\/\/encouragement-public.org\/delegation-belgique\/wp-json\/wp\/v2\/categories?post=9757"},{"taxonomy":"post_tag","embeddable":true,"href":"https:\/\/encouragement-public.org\/delegation-belgique\/wp-json\/wp\/v2\/tags?post=9757"}],"curies":[{"name":"wp","href":"https:\/\/api.w.org\/{rel}","templated":true}]}}