{"id":9368,"date":"2019-02-02T22:41:35","date_gmt":"2019-02-02T22:41:35","guid":{"rendered":"https:\/\/encouragement-public.org\/delegation-guadeloupe\/?p=9368"},"modified":"2020-08-08T13:54:09","modified_gmt":"2020-08-08T13:54:09","slug":"repas-guadeloupeen-chez-clara-une-des-claudettes-de-claude-francois","status":"publish","type":"post","link":"https:\/\/encouragement-public.org\/delegation-guadeloupe\/repas-guadeloupeen-chez-clara-une-des-claudettes-de-claude-francois\/","title":{"rendered":"Repas Guadeloup\u00e9en chez Clara&#8230; Une des Claudettes de Claude Fran\u00e7ois"},"content":{"rendered":"<div class=\"wpb-content-wrapper\"><p>[vc_row][vc_column]<style>.ld_spacer_69f3542b639b1{height:100px;}<\/style>\n<div class=\"ld-empty-space ld_spacer_69f3542b639b1\"><span class=\"liquid_empty_space_inner\"><\/span><\/div>[vc_media_grid gap=&#8221;10&#8243; item=&#8221;masonryMedia_BorderedScale&#8221; grid_id=&#8221;vc_gid:1595854602803-22c7a867-c4d2-5&#8243; include=&#8221;9371,9370,9369&#8243;]<style>.ld_spacer_69f3542b63aaf{height:100px;}<\/style>\n<div class=\"ld-empty-space ld_spacer_69f3542b63aaf\"><span class=\"liquid_empty_space_inner\"><\/span><\/div>[\/vc_column][\/vc_row]<\/p>\n<\/div>","protected":false},"excerpt":{"rendered":"<p>[vc_row][vc_column][vc_media_grid gap=&#8221;10&#8243; item=&#8221;masonryMedia_BorderedScale&#8221; grid_id=&#8221;vc_gid:1595854602803-22c7a867-c4d2-5&#8243; include=&#8221;9371,9370,9369&#8243;][\/vc_column][\/vc_row]<\/p>\n","protected":false},"author":6,"featured_media":9412,"comment_status":"open","ping_status":"open","sticky":false,"template":"","format":"standard","meta":{"footnotes":""},"categories":[259],"tags":[323],"class_list":["post-9368","post","type-post","status-publish","format-standard","has-post-thumbnail","hentry","category-diner","tag-photos"],"yoast_head":"<!-- This site is optimized with the Yoast SEO plugin v27.5 - https:\/\/yoast.com\/product\/yoast-seo-wordpress\/ -->\n<title>Repas Guadeloup\u00e9en chez Clara... Une des Claudettes de Claude Fran\u00e7ois - D\u00e9l\u00e9gation Guadeloupe<\/title>\n<meta name=\"robots\" content=\"index, follow, max-snippet:-1, max-image-preview:large, max-video-preview:-1\" \/>\n<link rel=\"canonical\" href=\"https:\/\/encouragement-public.org\/delegation-guadeloupe\/repas-guadeloupeen-chez-clara-une-des-claudettes-de-claude-francois\/\" \/>\n<meta property=\"og:locale\" content=\"fr_FR\" \/>\n<meta property=\"og:type\" content=\"article\" \/>\n<meta property=\"og:title\" content=\"Repas Guadeloup\u00e9en chez Clara... Une des Claudettes de Claude Fran\u00e7ois - D\u00e9l\u00e9gation Guadeloupe\" \/>\n<meta property=\"og:description\" content=\"[vc_row][vc_column][vc_media_grid gap=&#8221;10&#8243; item=&#8221;masonryMedia_BorderedScale&#8221; grid_id=&#8221;vc_gid:1595854602803-22c7a867-c4d2-5&#8243; include=&#8221;9371,9370,9369&#8243;][\/vc_column][\/vc_row]\" \/>\n<meta property=\"og:url\" content=\"https:\/\/encouragement-public.org\/delegation-guadeloupe\/repas-guadeloupeen-chez-clara-une-des-claudettes-de-claude-francois\/\" \/>\n<meta property=\"og:site_name\" content=\"D\u00e9l\u00e9gation Guadeloupe\" \/>\n<meta property=\"article:published_time\" content=\"2019-02-02T22:41:35+00:00\" \/>\n<meta property=\"article:modified_time\" content=\"2020-08-08T13:54:09+00:00\" \/>\n<meta property=\"og:image\" content=\"https:\/\/encouragement-public.org\/delegation-guadeloupe\/wp-content\/uploads\/sites\/10\/2019\/02\/Repas-Guadeloup\u00e9en.jpg\" \/>\n\t<meta property=\"og:image:width\" content=\"1920\" \/>\n\t<meta property=\"og:image:height\" content=\"1085\" \/>\n\t<meta property=\"og:image:type\" content=\"image\/jpeg\" \/>\n<meta name=\"author\" content=\"Th\u00e9ophile\" \/>\n<meta name=\"twitter:card\" content=\"summary_large_image\" \/>\n<meta name=\"twitter:label1\" content=\"\u00c9crit par\" \/>\n\t<meta name=\"twitter:data1\" content=\"Th\u00e9ophile\" \/>\n<script type=\"application\/ld+json\" class=\"yoast-schema-graph\">{\"@context\":\"https:\\\/\\\/schema.org\",\"@graph\":[{\"@type\":\"Article\",\"@id\":\"https:\\\/\\\/encouragement-public.org\\\/delegation-guadeloupe\\\/repas-guadeloupeen-chez-clara-une-des-claudettes-de-claude-francois\\\/#article\",\"isPartOf\":{\"@id\":\"https:\\\/\\\/encouragement-public.org\\\/delegation-guadeloupe\\\/repas-guadeloupeen-chez-clara-une-des-claudettes-de-claude-francois\\\/\"},\"author\":{\"name\":\"Th\u00e9ophile\",\"@id\":\"https:\\\/\\\/encouragement-public.org\\\/delegation-guadeloupe\\\/#\\\/schema\\\/person\\\/96e3171b48b432bcd7f67ad5c0a4b099\"},\"headline\":\"Repas Guadeloup\u00e9en chez Clara&#8230; Une des Claudettes de Claude Fran\u00e7ois\",\"datePublished\":\"2019-02-02T22:41:35+00:00\",\"dateModified\":\"2020-08-08T13:54:09+00:00\",\"mainEntityOfPage\":{\"@id\":\"https:\\\/\\\/encouragement-public.org\\\/delegation-guadeloupe\\\/repas-guadeloupeen-chez-clara-une-des-claudettes-de-claude-francois\\\/\"},\"wordCount\":46,\"commentCount\":0,\"image\":{\"@id\":\"https:\\\/\\\/encouragement-public.org\\\/delegation-guadeloupe\\\/repas-guadeloupeen-chez-clara-une-des-claudettes-de-claude-francois\\\/#primaryimage\"},\"thumbnailUrl\":\"https:\\\/\\\/encouragement-public.org\\\/delegation-guadeloupe\\\/wp-content\\\/uploads\\\/sites\\\/10\\\/2019\\\/02\\\/Repas-Guadeloup\u00e9en.jpg\",\"keywords\":[\"Photos\"],\"articleSection\":[\"D\u00ceNER\"],\"inLanguage\":\"fr-FR\"},{\"@type\":\"WebPage\",\"@id\":\"https:\\\/\\\/encouragement-public.org\\\/delegation-guadeloupe\\\/repas-guadeloupeen-chez-clara-une-des-claudettes-de-claude-francois\\\/\",\"url\":\"https:\\\/\\\/encouragement-public.org\\\/delegation-guadeloupe\\\/repas-guadeloupeen-chez-clara-une-des-claudettes-de-claude-francois\\\/\",\"name\":\"Repas Guadeloup\u00e9en chez Clara... Une des Claudettes de Claude Fran\u00e7ois - D\u00e9l\u00e9gation Guadeloupe\",\"isPartOf\":{\"@id\":\"https:\\\/\\\/encouragement-public.org\\\/delegation-guadeloupe\\\/#website\"},\"primaryImageOfPage\":{\"@id\":\"https:\\\/\\\/encouragement-public.org\\\/delegation-guadeloupe\\\/repas-guadeloupeen-chez-clara-une-des-claudettes-de-claude-francois\\\/#primaryimage\"},\"image\":{\"@id\":\"https:\\\/\\\/encouragement-public.org\\\/delegation-guadeloupe\\\/repas-guadeloupeen-chez-clara-une-des-claudettes-de-claude-francois\\\/#primaryimage\"},\"thumbnailUrl\":\"https:\\\/\\\/encouragement-public.org\\\/delegation-guadeloupe\\\/wp-content\\\/uploads\\\/sites\\\/10\\\/2019\\\/02\\\/Repas-Guadeloup\u00e9en.jpg\",\"datePublished\":\"2019-02-02T22:41:35+00:00\",\"dateModified\":\"2020-08-08T13:54:09+00:00\",\"author\":{\"@id\":\"https:\\\/\\\/encouragement-public.org\\\/delegation-guadeloupe\\\/#\\\/schema\\\/person\\\/96e3171b48b432bcd7f67ad5c0a4b099\"},\"breadcrumb\":{\"@id\":\"https:\\\/\\\/encouragement-public.org\\\/delegation-guadeloupe\\\/repas-guadeloupeen-chez-clara-une-des-claudettes-de-claude-francois\\\/#breadcrumb\"},\"inLanguage\":\"fr-FR\",\"potentialAction\":[{\"@type\":\"ReadAction\",\"target\":[\"https:\\\/\\\/encouragement-public.org\\\/delegation-guadeloupe\\\/repas-guadeloupeen-chez-clara-une-des-claudettes-de-claude-francois\\\/\"]}]},{\"@type\":\"ImageObject\",\"inLanguage\":\"fr-FR\",\"@id\":\"https:\\\/\\\/encouragement-public.org\\\/delegation-guadeloupe\\\/repas-guadeloupeen-chez-clara-une-des-claudettes-de-claude-francois\\\/#primaryimage\",\"url\":\"https:\\\/\\\/encouragement-public.org\\\/delegation-guadeloupe\\\/wp-content\\\/uploads\\\/sites\\\/10\\\/2019\\\/02\\\/Repas-Guadeloup\u00e9en.jpg\",\"contentUrl\":\"https:\\\/\\\/encouragement-public.org\\\/delegation-guadeloupe\\\/wp-content\\\/uploads\\\/sites\\\/10\\\/2019\\\/02\\\/Repas-Guadeloup\u00e9en.jpg\",\"width\":1920,\"height\":1085},{\"@type\":\"BreadcrumbList\",\"@id\":\"https:\\\/\\\/encouragement-public.org\\\/delegation-guadeloupe\\\/repas-guadeloupeen-chez-clara-une-des-claudettes-de-claude-francois\\\/#breadcrumb\",\"itemListElement\":[{\"@type\":\"ListItem\",\"position\":1,\"name\":\"Accueil\",\"item\":\"https:\\\/\\\/encouragement-public.org\\\/delegation-guadeloupe\\\/\"},{\"@type\":\"ListItem\",\"position\":2,\"name\":\"PUBLICATIONS\",\"item\":\"https:\\\/\\\/encouragement-public.org\\\/delegation-guadeloupe\\\/category\\\/publications\\\/\"},{\"@type\":\"ListItem\",\"position\":3,\"name\":\"D\u00ceNER\",\"item\":\"https:\\\/\\\/encouragement-public.org\\\/delegation-guadeloupe\\\/category\\\/publications\\\/diner\\\/\"},{\"@type\":\"ListItem\",\"position\":4,\"name\":\"Repas Guadeloup\u00e9en chez Clara&#8230; Une des Claudettes de Claude Fran\u00e7ois\"}]},{\"@type\":\"WebSite\",\"@id\":\"https:\\\/\\\/encouragement-public.org\\\/delegation-guadeloupe\\\/#website\",\"url\":\"https:\\\/\\\/encouragement-public.org\\\/delegation-guadeloupe\\\/\",\"name\":\"D\u00e9l\u00e9gation Guadeloupe\",\"description\":\"Savoir r\u00e9compenser le m\u00e9rite\",\"potentialAction\":[{\"@type\":\"SearchAction\",\"target\":{\"@type\":\"EntryPoint\",\"urlTemplate\":\"https:\\\/\\\/encouragement-public.org\\\/delegation-guadeloupe\\\/?s={search_term_string}\"},\"query-input\":{\"@type\":\"PropertyValueSpecification\",\"valueRequired\":true,\"valueName\":\"search_term_string\"}}],\"inLanguage\":\"fr-FR\"},{\"@type\":\"Person\",\"@id\":\"https:\\\/\\\/encouragement-public.org\\\/delegation-guadeloupe\\\/#\\\/schema\\\/person\\\/96e3171b48b432bcd7f67ad5c0a4b099\",\"name\":\"Th\u00e9ophile\",\"image\":{\"@type\":\"ImageObject\",\"inLanguage\":\"fr-FR\",\"@id\":\"https:\\\/\\\/encouragement-public.org\\\/delegation-guadeloupe\\\/wp-content\\\/uploads\\\/2020\\\/05\\\/EP_06_09_Denise_Theophile-150x150.jpg\",\"url\":\"https:\\\/\\\/encouragement-public.org\\\/delegation-guadeloupe\\\/wp-content\\\/uploads\\\/2020\\\/05\\\/EP_06_09_Denise_Theophile-150x150.jpg\",\"contentUrl\":\"https:\\\/\\\/encouragement-public.org\\\/delegation-guadeloupe\\\/wp-content\\\/uploads\\\/2020\\\/05\\\/EP_06_09_Denise_Theophile-150x150.jpg\",\"caption\":\"Th\u00e9ophile\"},\"sameAs\":[\"https:\\\/\\\/encouragement-public.org\\\/delegation-guadeloupe\",\"EP-France\"],\"url\":\"https:\\\/\\\/encouragement-public.org\\\/delegation-guadeloupe\"}]}<\/script>\n<!-- \/ Yoast SEO plugin. -->","yoast_head_json":{"title":"Repas Guadeloup\u00e9en chez Clara... Une des Claudettes de Claude Fran\u00e7ois - D\u00e9l\u00e9gation Guadeloupe","robots":{"index":"index","follow":"follow","max-snippet":"max-snippet:-1","max-image-preview":"max-image-preview:large","max-video-preview":"max-video-preview:-1"},"canonical":"https:\/\/encouragement-public.org\/delegation-guadeloupe\/repas-guadeloupeen-chez-clara-une-des-claudettes-de-claude-francois\/","og_locale":"fr_FR","og_type":"article","og_title":"Repas Guadeloup\u00e9en chez Clara... Une des Claudettes de Claude Fran\u00e7ois - D\u00e9l\u00e9gation Guadeloupe","og_description":"[vc_row][vc_column][vc_media_grid gap=&#8221;10&#8243; item=&#8221;masonryMedia_BorderedScale&#8221; grid_id=&#8221;vc_gid:1595854602803-22c7a867-c4d2-5&#8243; include=&#8221;9371,9370,9369&#8243;][\/vc_column][\/vc_row]","og_url":"https:\/\/encouragement-public.org\/delegation-guadeloupe\/repas-guadeloupeen-chez-clara-une-des-claudettes-de-claude-francois\/","og_site_name":"D\u00e9l\u00e9gation Guadeloupe","article_published_time":"2019-02-02T22:41:35+00:00","article_modified_time":"2020-08-08T13:54:09+00:00","og_image":[{"width":1920,"height":1085,"url":"https:\/\/encouragement-public.org\/delegation-guadeloupe\/wp-content\/uploads\/sites\/10\/2019\/02\/Repas-Guadeloup\u00e9en.jpg","type":"image\/jpeg"}],"author":"Th\u00e9ophile","twitter_card":"summary_large_image","twitter_misc":{"\u00c9crit par":"Th\u00e9ophile"},"schema":{"@context":"https:\/\/schema.org","@graph":[{"@type":"Article","@id":"https:\/\/encouragement-public.org\/delegation-guadeloupe\/repas-guadeloupeen-chez-clara-une-des-claudettes-de-claude-francois\/#article","isPartOf":{"@id":"https:\/\/encouragement-public.org\/delegation-guadeloupe\/repas-guadeloupeen-chez-clara-une-des-claudettes-de-claude-francois\/"},"author":{"name":"Th\u00e9ophile","@id":"https:\/\/encouragement-public.org\/delegation-guadeloupe\/#\/schema\/person\/96e3171b48b432bcd7f67ad5c0a4b099"},"headline":"Repas Guadeloup\u00e9en chez Clara&#8230; Une des Claudettes de Claude Fran\u00e7ois","datePublished":"2019-02-02T22:41:35+00:00","dateModified":"2020-08-08T13:54:09+00:00","mainEntityOfPage":{"@id":"https:\/\/encouragement-public.org\/delegation-guadeloupe\/repas-guadeloupeen-chez-clara-une-des-claudettes-de-claude-francois\/"},"wordCount":46,"commentCount":0,"image":{"@id":"https:\/\/encouragement-public.org\/delegation-guadeloupe\/repas-guadeloupeen-chez-clara-une-des-claudettes-de-claude-francois\/#primaryimage"},"thumbnailUrl":"https:\/\/encouragement-public.org\/delegation-guadeloupe\/wp-content\/uploads\/sites\/10\/2019\/02\/Repas-Guadeloup\u00e9en.jpg","keywords":["Photos"],"articleSection":["D\u00ceNER"],"inLanguage":"fr-FR"},{"@type":"WebPage","@id":"https:\/\/encouragement-public.org\/delegation-guadeloupe\/repas-guadeloupeen-chez-clara-une-des-claudettes-de-claude-francois\/","url":"https:\/\/encouragement-public.org\/delegation-guadeloupe\/repas-guadeloupeen-chez-clara-une-des-claudettes-de-claude-francois\/","name":"Repas Guadeloup\u00e9en chez Clara... Une des Claudettes de Claude Fran\u00e7ois - D\u00e9l\u00e9gation Guadeloupe","isPartOf":{"@id":"https:\/\/encouragement-public.org\/delegation-guadeloupe\/#website"},"primaryImageOfPage":{"@id":"https:\/\/encouragement-public.org\/delegation-guadeloupe\/repas-guadeloupeen-chez-clara-une-des-claudettes-de-claude-francois\/#primaryimage"},"image":{"@id":"https:\/\/encouragement-public.org\/delegation-guadeloupe\/repas-guadeloupeen-chez-clara-une-des-claudettes-de-claude-francois\/#primaryimage"},"thumbnailUrl":"https:\/\/encouragement-public.org\/delegation-guadeloupe\/wp-content\/uploads\/sites\/10\/2019\/02\/Repas-Guadeloup\u00e9en.jpg","datePublished":"2019-02-02T22:41:35+00:00","dateModified":"2020-08-08T13:54:09+00:00","author":{"@id":"https:\/\/encouragement-public.org\/delegation-guadeloupe\/#\/schema\/person\/96e3171b48b432bcd7f67ad5c0a4b099"},"breadcrumb":{"@id":"https:\/\/encouragement-public.org\/delegation-guadeloupe\/repas-guadeloupeen-chez-clara-une-des-claudettes-de-claude-francois\/#breadcrumb"},"inLanguage":"fr-FR","potentialAction":[{"@type":"ReadAction","target":["https:\/\/encouragement-public.org\/delegation-guadeloupe\/repas-guadeloupeen-chez-clara-une-des-claudettes-de-claude-francois\/"]}]},{"@type":"ImageObject","inLanguage":"fr-FR","@id":"https:\/\/encouragement-public.org\/delegation-guadeloupe\/repas-guadeloupeen-chez-clara-une-des-claudettes-de-claude-francois\/#primaryimage","url":"https:\/\/encouragement-public.org\/delegation-guadeloupe\/wp-content\/uploads\/sites\/10\/2019\/02\/Repas-Guadeloup\u00e9en.jpg","contentUrl":"https:\/\/encouragement-public.org\/delegation-guadeloupe\/wp-content\/uploads\/sites\/10\/2019\/02\/Repas-Guadeloup\u00e9en.jpg","width":1920,"height":1085},{"@type":"BreadcrumbList","@id":"https:\/\/encouragement-public.org\/delegation-guadeloupe\/repas-guadeloupeen-chez-clara-une-des-claudettes-de-claude-francois\/#breadcrumb","itemListElement":[{"@type":"ListItem","position":1,"name":"Accueil","item":"https:\/\/encouragement-public.org\/delegation-guadeloupe\/"},{"@type":"ListItem","position":2,"name":"PUBLICATIONS","item":"https:\/\/encouragement-public.org\/delegation-guadeloupe\/category\/publications\/"},{"@type":"ListItem","position":3,"name":"D\u00ceNER","item":"https:\/\/encouragement-public.org\/delegation-guadeloupe\/category\/publications\/diner\/"},{"@type":"ListItem","position":4,"name":"Repas Guadeloup\u00e9en chez Clara&#8230; Une des Claudettes de Claude Fran\u00e7ois"}]},{"@type":"WebSite","@id":"https:\/\/encouragement-public.org\/delegation-guadeloupe\/#website","url":"https:\/\/encouragement-public.org\/delegation-guadeloupe\/","name":"D\u00e9l\u00e9gation Guadeloupe","description":"Savoir r\u00e9compenser le m\u00e9rite","potentialAction":[{"@type":"SearchAction","target":{"@type":"EntryPoint","urlTemplate":"https:\/\/encouragement-public.org\/delegation-guadeloupe\/?s={search_term_string}"},"query-input":{"@type":"PropertyValueSpecification","valueRequired":true,"valueName":"search_term_string"}}],"inLanguage":"fr-FR"},{"@type":"Person","@id":"https:\/\/encouragement-public.org\/delegation-guadeloupe\/#\/schema\/person\/96e3171b48b432bcd7f67ad5c0a4b099","name":"Th\u00e9ophile","image":{"@type":"ImageObject","inLanguage":"fr-FR","@id":"https:\/\/encouragement-public.org\/delegation-guadeloupe\/wp-content\/uploads\/2020\/05\/EP_06_09_Denise_Theophile-150x150.jpg","url":"https:\/\/encouragement-public.org\/delegation-guadeloupe\/wp-content\/uploads\/2020\/05\/EP_06_09_Denise_Theophile-150x150.jpg","contentUrl":"https:\/\/encouragement-public.org\/delegation-guadeloupe\/wp-content\/uploads\/2020\/05\/EP_06_09_Denise_Theophile-150x150.jpg","caption":"Th\u00e9ophile"},"sameAs":["https:\/\/encouragement-public.org\/delegation-guadeloupe","EP-France"],"url":"https:\/\/encouragement-public.org\/delegation-guadeloupe"}]}},"_links":{"self":[{"href":"https:\/\/encouragement-public.org\/delegation-guadeloupe\/wp-json\/wp\/v2\/posts\/9368","targetHints":{"allow":["GET"]}}],"collection":[{"href":"https:\/\/encouragement-public.org\/delegation-guadeloupe\/wp-json\/wp\/v2\/posts"}],"about":[{"href":"https:\/\/encouragement-public.org\/delegation-guadeloupe\/wp-json\/wp\/v2\/types\/post"}],"author":[{"embeddable":true,"href":"https:\/\/encouragement-public.org\/delegation-guadeloupe\/wp-json\/wp\/v2\/users\/6"}],"replies":[{"embeddable":true,"href":"https:\/\/encouragement-public.org\/delegation-guadeloupe\/wp-json\/wp\/v2\/comments?post=9368"}],"version-history":[{"count":11,"href":"https:\/\/encouragement-public.org\/delegation-guadeloupe\/wp-json\/wp\/v2\/posts\/9368\/revisions"}],"predecessor-version":[{"id":9417,"href":"https:\/\/encouragement-public.org\/delegation-guadeloupe\/wp-json\/wp\/v2\/posts\/9368\/revisions\/9417"}],"wp:featuredmedia":[{"embeddable":true,"href":"https:\/\/encouragement-public.org\/delegation-guadeloupe\/wp-json\/wp\/v2\/media\/9412"}],"wp:attachment":[{"href":"https:\/\/encouragement-public.org\/delegation-guadeloupe\/wp-json\/wp\/v2\/media?parent=9368"}],"wp:term":[{"taxonomy":"category","embeddable":true,"href":"https:\/\/encouragement-public.org\/delegation-guadeloupe\/wp-json\/wp\/v2\/categories?post=9368"},{"taxonomy":"post_tag","embeddable":true,"href":"https:\/\/encouragement-public.org\/delegation-guadeloupe\/wp-json\/wp\/v2\/tags?post=9368"}],"curies":[{"name":"wp","href":"https:\/\/api.w.org\/{rel}","templated":true}]}}