{"id":9818,"date":"2025-10-19T15:29:00","date_gmt":"2025-10-19T15:29:00","guid":{"rendered":"https:\/\/encouragement-public.org\/delegation-hauts-de-france\/delegation-hauts-de-france-aux-essars-pas-de-calais-remise-de-decorations\/"},"modified":"2025-10-19T15:29:00","modified_gmt":"2025-10-19T15:29:00","slug":"delegation-hauts-de-france-aux-essars-pas-de-calais-remise-de-decorations","status":"publish","type":"post","link":"https:\/\/encouragement-public.org\/delegation-hauts-de-france\/delegation-hauts-de-france-aux-essars-pas-de-calais-remise-de-decorations\/","title":{"rendered":"D\u00e9l\u00e9gation Hauts de France aux Essars (Pas-de-Calais) : Remise de d\u00e9corations"},"content":{"rendered":"\n<p>Sous l\u2019impulsion d\u2019Alain DEBARGE, d\u00e9l\u00e9gu\u00e9 des Hauts-de-France, la commune des Essars a accueilli, ce dimanche 19 octobre, une journ\u00e9e d\u00e9di\u00e9e \u00e0 la remise de distinctions honorifiques, dans une atmosph\u00e8re conviviale et chaleureuse.<\/p>\n\n\n\n<figure class=\"wp-block-image size-large\"><img loading=\"lazy\" decoding=\"async\" width=\"1024\" height=\"576\" src=\"https:\/\/encouragement-public.org\/wp-content\/uploads\/2026\/02\/IMG_E3920-scaled-1024x576.jpg\" alt=\"\" class=\"wp-image-9819\"\/><\/figure>\n\n\n\n<p>Quatre repr\u00e9sentants de l\u2019association L\u2019Encouragement Public avaient fait le d\u00e9placement pour l\u2019occasion :<br>Nicole BEDEL, Secr\u00e9taire G\u00e9n\u00e9rale<br>Jean-Yves PARRAS, 1er Vice-Pr\u00e9sident<br>Wissem BEN HASSINE, graphiste et d\u00e9veloppeur web<br>Paulette BARRE, charg\u00e9e de mission aupr\u00e8s de la Secr\u00e9taire G\u00e9n\u00e9rale et photographe<\/p>\n\n\n\n<p>La c\u00e9r\u00e9monie s\u2019est tenue dans une salle communale attenante \u00e0 la mairie, o\u00f9 Brigitte DEBARGE et sa s\u0153ur Patricia LEZIER ont assur\u00e9 un service de restauration appr\u00e9ci\u00e9 de tous.<\/p>\n\n\n\n<p>Pr\u00e9sid\u00e9e par Alain DEBARGE, la remise des d\u00e9corations a mis \u00e0 l\u2019honneur plusieurs personnalit\u00e9s engag\u00e9es dans le b\u00e9n\u00e9volat, la culture et la solidarit\u00e9. Les distinctions provenaient de divers organismes : La Ville de Paris, Le Bleuet International, L\u2019Encouragement du D\u00e9vouement et du B\u00e9n\u00e9volat, L\u2019Encouragement Public, ainsi que des cercles po\u00e9tiques.<\/p>\n\n\n\n<p>Parmi les repr\u00e9sentants :<br>Nicole BEDEL a d\u00e9cern\u00e9 la M\u00e9daille de Vermeil \u00e0 C\u00e9lia ROCHARD, la M\u00e9daille d\u2019Or \u00e0 Sylvie FORVEILLE et la M\u00e9daille d\u2019Argent de la Ville de Paris \u00e0 Alain DEBARGE.<br>Jean-Pierre THOMAS, conseiller municipal des Essars, a \u00e9galement particip\u00e9 \u00e0 la remise.<br>Gilbert SIX, ancien pr\u00e9sident honoraire, et C\u00e9dric CLOEZ, pr\u00e9sident d\u00e9partemental de l\u2019Encouragement du D\u00e9vouement et du B\u00e9n\u00e9volat du Nord, ont honor\u00e9 plusieurs r\u00e9cipiendaires.<br>La c\u00e9r\u00e9monie s\u2019est conclue par une intervention de Bernard LAURENT, pr\u00e9sident de l\u2019association NOA, qui a pr\u00e9sent\u00e9 les actions de son organisme en faveur du d\u00e9veloppement rural en Afrique, notamment au Togo, dans le domaine de l\u2019agriculture.<\/p>\n\n\n\n<p>Un pot de l\u2019amiti\u00e9 a cl\u00f4tur\u00e9 cette journ\u00e9e plac\u00e9e sous le signe de l\u2019engagement, du partage et de la reconnaissance.<\/p>\n","protected":false},"excerpt":{"rendered":"<p>Sous l\u2019impulsion d\u2019Alain DEBARGE, d\u00e9l\u00e9gu\u00e9 des Hauts-de-France, la commune des Essars a accueilli, ce dimanche&#8230;<\/p>\n","protected":false},"author":1,"featured_media":9819,"comment_status":"open","ping_status":"open","sticky":false,"template":"","format":"standard","meta":{"footnotes":""},"categories":[271,275],"tags":[],"class_list":["post-9818","post","type-post","status-publish","format-standard","has-post-thumbnail","hentry","category-recevoir-donner","category-remises-de-decorations"],"yoast_head":"<!-- This site is optimized with the Yoast SEO plugin v27.5 - https:\/\/yoast.com\/product\/yoast-seo-wordpress\/ -->\n<title>D\u00e9l\u00e9gation Hauts de France aux Essars (Pas-de-Calais) : Remise de d\u00e9corations - D\u00e9l\u00e9gation Hauts-de-France<\/title>\n<meta name=\"robots\" content=\"index, follow, max-snippet:-1, max-image-preview:large, max-video-preview:-1\" \/>\n<link rel=\"canonical\" href=\"https:\/\/encouragement-public.org\/delegation-hauts-de-france\/delegation-hauts-de-france-aux-essars-pas-de-calais-remise-de-decorations\/\" \/>\n<meta property=\"og:locale\" content=\"fr_FR\" \/>\n<meta property=\"og:type\" content=\"article\" \/>\n<meta property=\"og:title\" content=\"D\u00e9l\u00e9gation Hauts de France aux Essars (Pas-de-Calais) : Remise de d\u00e9corations - D\u00e9l\u00e9gation Hauts-de-France\" \/>\n<meta property=\"og:description\" content=\"Sous l\u2019impulsion d\u2019Alain DEBARGE, d\u00e9l\u00e9gu\u00e9 des Hauts-de-France, la commune des Essars a accueilli, ce dimanche...\" \/>\n<meta property=\"og:url\" content=\"https:\/\/encouragement-public.org\/delegation-hauts-de-france\/delegation-hauts-de-france-aux-essars-pas-de-calais-remise-de-decorations\/\" \/>\n<meta property=\"og:site_name\" content=\"D\u00e9l\u00e9gation Hauts-de-France\" \/>\n<meta property=\"article:published_time\" content=\"2025-10-19T15:29:00+00:00\" \/>\n<meta property=\"og:image\" content=\"https:\/\/encouragement-public.org\/delegation-hauts-de-france\/wp-content\/uploads\/sites\/27\/2026\/03\/IMG_E3920-scaled.jpg\" \/>\n\t<meta property=\"og:image:width\" content=\"2560\" \/>\n\t<meta property=\"og:image:height\" content=\"1440\" \/>\n\t<meta property=\"og:image:type\" content=\"image\/jpeg\" \/>\n<meta name=\"author\" content=\"EP-France\" \/>\n<meta name=\"twitter:card\" content=\"summary_large_image\" \/>\n<meta name=\"twitter:label1\" content=\"\u00c9crit par\" \/>\n\t<meta name=\"twitter:data1\" content=\"EP-France\" \/>\n\t<meta name=\"twitter:label2\" content=\"Dur\u00e9e de lecture estim\u00e9e\" \/>\n\t<meta name=\"twitter:data2\" content=\"2 minutes\" \/>\n<script type=\"application\/ld+json\" class=\"yoast-schema-graph\">{\"@context\":\"https:\\\/\\\/schema.org\",\"@graph\":[{\"@type\":\"Article\",\"@id\":\"https:\\\/\\\/encouragement-public.org\\\/delegation-hauts-de-france\\\/delegation-hauts-de-france-aux-essars-pas-de-calais-remise-de-decorations\\\/#article\",\"isPartOf\":{\"@id\":\"https:\\\/\\\/encouragement-public.org\\\/delegation-hauts-de-france\\\/delegation-hauts-de-france-aux-essars-pas-de-calais-remise-de-decorations\\\/\"},\"author\":{\"name\":\"EP-France\",\"@id\":\"https:\\\/\\\/encouragement-public.org\\\/delegation-hauts-de-france\\\/#\\\/schema\\\/person\\\/2d658710b1357f9e567503f0527fbfcd\"},\"headline\":\"D\u00e9l\u00e9gation Hauts de France aux Essars (Pas-de-Calais) : Remise de d\u00e9corations\",\"datePublished\":\"2025-10-19T15:29:00+00:00\",\"mainEntityOfPage\":{\"@id\":\"https:\\\/\\\/encouragement-public.org\\\/delegation-hauts-de-france\\\/delegation-hauts-de-france-aux-essars-pas-de-calais-remise-de-decorations\\\/\"},\"wordCount\":347,\"commentCount\":0,\"image\":{\"@id\":\"https:\\\/\\\/encouragement-public.org\\\/delegation-hauts-de-france\\\/delegation-hauts-de-france-aux-essars-pas-de-calais-remise-de-decorations\\\/#primaryimage\"},\"thumbnailUrl\":\"https:\\\/\\\/encouragement-public.org\\\/delegation-hauts-de-france\\\/wp-content\\\/uploads\\\/sites\\\/27\\\/2026\\\/03\\\/IMG_E3920-scaled.jpg\",\"articleSection\":[\"RECEVOIR &amp; DONNER\",\"REMISES DE D\u00c9CORATIONS\"],\"inLanguage\":\"fr-FR\"},{\"@type\":\"WebPage\",\"@id\":\"https:\\\/\\\/encouragement-public.org\\\/delegation-hauts-de-france\\\/delegation-hauts-de-france-aux-essars-pas-de-calais-remise-de-decorations\\\/\",\"url\":\"https:\\\/\\\/encouragement-public.org\\\/delegation-hauts-de-france\\\/delegation-hauts-de-france-aux-essars-pas-de-calais-remise-de-decorations\\\/\",\"name\":\"D\u00e9l\u00e9gation Hauts de France aux Essars (Pas-de-Calais) : Remise de d\u00e9corations - D\u00e9l\u00e9gation Hauts-de-France\",\"isPartOf\":{\"@id\":\"https:\\\/\\\/encouragement-public.org\\\/delegation-hauts-de-france\\\/#website\"},\"primaryImageOfPage\":{\"@id\":\"https:\\\/\\\/encouragement-public.org\\\/delegation-hauts-de-france\\\/delegation-hauts-de-france-aux-essars-pas-de-calais-remise-de-decorations\\\/#primaryimage\"},\"image\":{\"@id\":\"https:\\\/\\\/encouragement-public.org\\\/delegation-hauts-de-france\\\/delegation-hauts-de-france-aux-essars-pas-de-calais-remise-de-decorations\\\/#primaryimage\"},\"thumbnailUrl\":\"https:\\\/\\\/encouragement-public.org\\\/delegation-hauts-de-france\\\/wp-content\\\/uploads\\\/sites\\\/27\\\/2026\\\/03\\\/IMG_E3920-scaled.jpg\",\"datePublished\":\"2025-10-19T15:29:00+00:00\",\"author\":{\"@id\":\"https:\\\/\\\/encouragement-public.org\\\/delegation-hauts-de-france\\\/#\\\/schema\\\/person\\\/2d658710b1357f9e567503f0527fbfcd\"},\"breadcrumb\":{\"@id\":\"https:\\\/\\\/encouragement-public.org\\\/delegation-hauts-de-france\\\/delegation-hauts-de-france-aux-essars-pas-de-calais-remise-de-decorations\\\/#breadcrumb\"},\"inLanguage\":\"fr-FR\",\"potentialAction\":[{\"@type\":\"ReadAction\",\"target\":[\"https:\\\/\\\/encouragement-public.org\\\/delegation-hauts-de-france\\\/delegation-hauts-de-france-aux-essars-pas-de-calais-remise-de-decorations\\\/\"]}]},{\"@type\":\"ImageObject\",\"inLanguage\":\"fr-FR\",\"@id\":\"https:\\\/\\\/encouragement-public.org\\\/delegation-hauts-de-france\\\/delegation-hauts-de-france-aux-essars-pas-de-calais-remise-de-decorations\\\/#primaryimage\",\"url\":\"https:\\\/\\\/encouragement-public.org\\\/delegation-hauts-de-france\\\/wp-content\\\/uploads\\\/sites\\\/27\\\/2026\\\/03\\\/IMG_E3920-scaled.jpg\",\"contentUrl\":\"https:\\\/\\\/encouragement-public.org\\\/delegation-hauts-de-france\\\/wp-content\\\/uploads\\\/sites\\\/27\\\/2026\\\/03\\\/IMG_E3920-scaled.jpg\",\"width\":2560,\"height\":1440},{\"@type\":\"BreadcrumbList\",\"@id\":\"https:\\\/\\\/encouragement-public.org\\\/delegation-hauts-de-france\\\/delegation-hauts-de-france-aux-essars-pas-de-calais-remise-de-decorations\\\/#breadcrumb\",\"itemListElement\":[{\"@type\":\"ListItem\",\"position\":1,\"name\":\"Accueil\",\"item\":\"https:\\\/\\\/encouragement-public.org\\\/delegation-hauts-de-france\\\/\"},{\"@type\":\"ListItem\",\"position\":2,\"name\":\"SAVOIR R\u00c9COMPENSER LE M\u00c9RITE\",\"item\":\"https:\\\/\\\/encouragement-public.org\\\/delegation-hauts-de-france\\\/category\\\/savoir-recompenser-le-merite\\\/\"},{\"@type\":\"ListItem\",\"position\":3,\"name\":\"REMISES DE D\u00c9CORATIONS\",\"item\":\"https:\\\/\\\/encouragement-public.org\\\/delegation-hauts-de-france\\\/category\\\/savoir-recompenser-le-merite\\\/remises-de-decorations\\\/\"},{\"@type\":\"ListItem\",\"position\":4,\"name\":\"D\u00e9l\u00e9gation Hauts de France aux Essars (Pas-de-Calais) : Remise de d\u00e9corations\"}]},{\"@type\":\"WebSite\",\"@id\":\"https:\\\/\\\/encouragement-public.org\\\/delegation-hauts-de-france\\\/#website\",\"url\":\"https:\\\/\\\/encouragement-public.org\\\/delegation-hauts-de-france\\\/\",\"name\":\"D\u00e9l\u00e9gation Hauts-de-France\",\"description\":\"Savoir r\u00e9compenser le m\u00e9rite\",\"potentialAction\":[{\"@type\":\"SearchAction\",\"target\":{\"@type\":\"EntryPoint\",\"urlTemplate\":\"https:\\\/\\\/encouragement-public.org\\\/delegation-hauts-de-france\\\/?s={search_term_string}\"},\"query-input\":{\"@type\":\"PropertyValueSpecification\",\"valueRequired\":true,\"valueName\":\"search_term_string\"}}],\"inLanguage\":\"fr-FR\"},{\"@type\":\"Person\",\"@id\":\"https:\\\/\\\/encouragement-public.org\\\/delegation-hauts-de-france\\\/#\\\/schema\\\/person\\\/2d658710b1357f9e567503f0527fbfcd\",\"name\":\"EP-France\",\"image\":{\"@type\":\"ImageObject\",\"inLanguage\":\"fr-FR\",\"@id\":\"https:\\\/\\\/encouragement-public.org\\\/delegation-hauts-de-france\\\/wp-content\\\/uploads\\\/2020\\\/08\\\/icone-EP-134x150.png\",\"url\":\"https:\\\/\\\/encouragement-public.org\\\/delegation-hauts-de-france\\\/wp-content\\\/uploads\\\/2020\\\/08\\\/icone-EP-134x150.png\",\"contentUrl\":\"https:\\\/\\\/encouragement-public.org\\\/delegation-hauts-de-france\\\/wp-content\\\/uploads\\\/2020\\\/08\\\/icone-EP-134x150.png\",\"caption\":\"EP-France\"},\"url\":\"https:\\\/\\\/encouragement-public.org\\\/delegation-hauts-de-france\"}]}<\/script>\n<!-- \/ Yoast SEO plugin. -->","yoast_head_json":{"title":"D\u00e9l\u00e9gation Hauts de France aux Essars (Pas-de-Calais) : Remise de d\u00e9corations - D\u00e9l\u00e9gation Hauts-de-France","robots":{"index":"index","follow":"follow","max-snippet":"max-snippet:-1","max-image-preview":"max-image-preview:large","max-video-preview":"max-video-preview:-1"},"canonical":"https:\/\/encouragement-public.org\/delegation-hauts-de-france\/delegation-hauts-de-france-aux-essars-pas-de-calais-remise-de-decorations\/","og_locale":"fr_FR","og_type":"article","og_title":"D\u00e9l\u00e9gation Hauts de France aux Essars (Pas-de-Calais) : Remise de d\u00e9corations - D\u00e9l\u00e9gation Hauts-de-France","og_description":"Sous l\u2019impulsion d\u2019Alain DEBARGE, d\u00e9l\u00e9gu\u00e9 des Hauts-de-France, la commune des Essars a accueilli, ce dimanche...","og_url":"https:\/\/encouragement-public.org\/delegation-hauts-de-france\/delegation-hauts-de-france-aux-essars-pas-de-calais-remise-de-decorations\/","og_site_name":"D\u00e9l\u00e9gation Hauts-de-France","article_published_time":"2025-10-19T15:29:00+00:00","og_image":[{"width":2560,"height":1440,"url":"https:\/\/encouragement-public.org\/delegation-hauts-de-france\/wp-content\/uploads\/sites\/27\/2026\/03\/IMG_E3920-scaled.jpg","type":"image\/jpeg"}],"author":"EP-France","twitter_card":"summary_large_image","twitter_misc":{"\u00c9crit par":"EP-France","Dur\u00e9e de lecture estim\u00e9e":"2 minutes"},"schema":{"@context":"https:\/\/schema.org","@graph":[{"@type":"Article","@id":"https:\/\/encouragement-public.org\/delegation-hauts-de-france\/delegation-hauts-de-france-aux-essars-pas-de-calais-remise-de-decorations\/#article","isPartOf":{"@id":"https:\/\/encouragement-public.org\/delegation-hauts-de-france\/delegation-hauts-de-france-aux-essars-pas-de-calais-remise-de-decorations\/"},"author":{"name":"EP-France","@id":"https:\/\/encouragement-public.org\/delegation-hauts-de-france\/#\/schema\/person\/2d658710b1357f9e567503f0527fbfcd"},"headline":"D\u00e9l\u00e9gation Hauts de France aux Essars (Pas-de-Calais) : Remise de d\u00e9corations","datePublished":"2025-10-19T15:29:00+00:00","mainEntityOfPage":{"@id":"https:\/\/encouragement-public.org\/delegation-hauts-de-france\/delegation-hauts-de-france-aux-essars-pas-de-calais-remise-de-decorations\/"},"wordCount":347,"commentCount":0,"image":{"@id":"https:\/\/encouragement-public.org\/delegation-hauts-de-france\/delegation-hauts-de-france-aux-essars-pas-de-calais-remise-de-decorations\/#primaryimage"},"thumbnailUrl":"https:\/\/encouragement-public.org\/delegation-hauts-de-france\/wp-content\/uploads\/sites\/27\/2026\/03\/IMG_E3920-scaled.jpg","articleSection":["RECEVOIR &amp; DONNER","REMISES DE D\u00c9CORATIONS"],"inLanguage":"fr-FR"},{"@type":"WebPage","@id":"https:\/\/encouragement-public.org\/delegation-hauts-de-france\/delegation-hauts-de-france-aux-essars-pas-de-calais-remise-de-decorations\/","url":"https:\/\/encouragement-public.org\/delegation-hauts-de-france\/delegation-hauts-de-france-aux-essars-pas-de-calais-remise-de-decorations\/","name":"D\u00e9l\u00e9gation Hauts de France aux Essars (Pas-de-Calais) : Remise de d\u00e9corations - D\u00e9l\u00e9gation Hauts-de-France","isPartOf":{"@id":"https:\/\/encouragement-public.org\/delegation-hauts-de-france\/#website"},"primaryImageOfPage":{"@id":"https:\/\/encouragement-public.org\/delegation-hauts-de-france\/delegation-hauts-de-france-aux-essars-pas-de-calais-remise-de-decorations\/#primaryimage"},"image":{"@id":"https:\/\/encouragement-public.org\/delegation-hauts-de-france\/delegation-hauts-de-france-aux-essars-pas-de-calais-remise-de-decorations\/#primaryimage"},"thumbnailUrl":"https:\/\/encouragement-public.org\/delegation-hauts-de-france\/wp-content\/uploads\/sites\/27\/2026\/03\/IMG_E3920-scaled.jpg","datePublished":"2025-10-19T15:29:00+00:00","author":{"@id":"https:\/\/encouragement-public.org\/delegation-hauts-de-france\/#\/schema\/person\/2d658710b1357f9e567503f0527fbfcd"},"breadcrumb":{"@id":"https:\/\/encouragement-public.org\/delegation-hauts-de-france\/delegation-hauts-de-france-aux-essars-pas-de-calais-remise-de-decorations\/#breadcrumb"},"inLanguage":"fr-FR","potentialAction":[{"@type":"ReadAction","target":["https:\/\/encouragement-public.org\/delegation-hauts-de-france\/delegation-hauts-de-france-aux-essars-pas-de-calais-remise-de-decorations\/"]}]},{"@type":"ImageObject","inLanguage":"fr-FR","@id":"https:\/\/encouragement-public.org\/delegation-hauts-de-france\/delegation-hauts-de-france-aux-essars-pas-de-calais-remise-de-decorations\/#primaryimage","url":"https:\/\/encouragement-public.org\/delegation-hauts-de-france\/wp-content\/uploads\/sites\/27\/2026\/03\/IMG_E3920-scaled.jpg","contentUrl":"https:\/\/encouragement-public.org\/delegation-hauts-de-france\/wp-content\/uploads\/sites\/27\/2026\/03\/IMG_E3920-scaled.jpg","width":2560,"height":1440},{"@type":"BreadcrumbList","@id":"https:\/\/encouragement-public.org\/delegation-hauts-de-france\/delegation-hauts-de-france-aux-essars-pas-de-calais-remise-de-decorations\/#breadcrumb","itemListElement":[{"@type":"ListItem","position":1,"name":"Accueil","item":"https:\/\/encouragement-public.org\/delegation-hauts-de-france\/"},{"@type":"ListItem","position":2,"name":"SAVOIR R\u00c9COMPENSER LE M\u00c9RITE","item":"https:\/\/encouragement-public.org\/delegation-hauts-de-france\/category\/savoir-recompenser-le-merite\/"},{"@type":"ListItem","position":3,"name":"REMISES DE D\u00c9CORATIONS","item":"https:\/\/encouragement-public.org\/delegation-hauts-de-france\/category\/savoir-recompenser-le-merite\/remises-de-decorations\/"},{"@type":"ListItem","position":4,"name":"D\u00e9l\u00e9gation Hauts de France aux Essars (Pas-de-Calais) : Remise de d\u00e9corations"}]},{"@type":"WebSite","@id":"https:\/\/encouragement-public.org\/delegation-hauts-de-france\/#website","url":"https:\/\/encouragement-public.org\/delegation-hauts-de-france\/","name":"D\u00e9l\u00e9gation Hauts-de-France","description":"Savoir r\u00e9compenser le m\u00e9rite","potentialAction":[{"@type":"SearchAction","target":{"@type":"EntryPoint","urlTemplate":"https:\/\/encouragement-public.org\/delegation-hauts-de-france\/?s={search_term_string}"},"query-input":{"@type":"PropertyValueSpecification","valueRequired":true,"valueName":"search_term_string"}}],"inLanguage":"fr-FR"},{"@type":"Person","@id":"https:\/\/encouragement-public.org\/delegation-hauts-de-france\/#\/schema\/person\/2d658710b1357f9e567503f0527fbfcd","name":"EP-France","image":{"@type":"ImageObject","inLanguage":"fr-FR","@id":"https:\/\/encouragement-public.org\/delegation-hauts-de-france\/wp-content\/uploads\/2020\/08\/icone-EP-134x150.png","url":"https:\/\/encouragement-public.org\/delegation-hauts-de-france\/wp-content\/uploads\/2020\/08\/icone-EP-134x150.png","contentUrl":"https:\/\/encouragement-public.org\/delegation-hauts-de-france\/wp-content\/uploads\/2020\/08\/icone-EP-134x150.png","caption":"EP-France"},"url":"https:\/\/encouragement-public.org\/delegation-hauts-de-france"}]}},"_links":{"self":[{"href":"https:\/\/encouragement-public.org\/delegation-hauts-de-france\/wp-json\/wp\/v2\/posts\/9818","targetHints":{"allow":["GET"]}}],"collection":[{"href":"https:\/\/encouragement-public.org\/delegation-hauts-de-france\/wp-json\/wp\/v2\/posts"}],"about":[{"href":"https:\/\/encouragement-public.org\/delegation-hauts-de-france\/wp-json\/wp\/v2\/types\/post"}],"author":[{"embeddable":true,"href":"https:\/\/encouragement-public.org\/delegation-hauts-de-france\/wp-json\/wp\/v2\/users\/1"}],"replies":[{"embeddable":true,"href":"https:\/\/encouragement-public.org\/delegation-hauts-de-france\/wp-json\/wp\/v2\/comments?post=9818"}],"version-history":[{"count":1,"href":"https:\/\/encouragement-public.org\/delegation-hauts-de-france\/wp-json\/wp\/v2\/posts\/9818\/revisions"}],"predecessor-version":[{"id":9820,"href":"https:\/\/encouragement-public.org\/delegation-hauts-de-france\/wp-json\/wp\/v2\/posts\/9818\/revisions\/9820"}],"wp:featuredmedia":[{"embeddable":true,"href":"https:\/\/encouragement-public.org\/delegation-hauts-de-france\/wp-json\/wp\/v2\/media\/9819"}],"wp:attachment":[{"href":"https:\/\/encouragement-public.org\/delegation-hauts-de-france\/wp-json\/wp\/v2\/media?parent=9818"}],"wp:term":[{"taxonomy":"category","embeddable":true,"href":"https:\/\/encouragement-public.org\/delegation-hauts-de-france\/wp-json\/wp\/v2\/categories?post=9818"},{"taxonomy":"post_tag","embeddable":true,"href":"https:\/\/encouragement-public.org\/delegation-hauts-de-france\/wp-json\/wp\/v2\/tags?post=9818"}],"curies":[{"name":"wp","href":"https:\/\/api.w.org\/{rel}","templated":true}]}}