{"id":9809,"date":"2025-10-18T14:57:00","date_gmt":"2025-10-18T14:57:00","guid":{"rendered":"https:\/\/encouragement-public.org\/delegation-japon\/delegation-japon-remise-de-decorations-au-cercle-national-des-armees-8-place-saint-augustin-paris-8e-le-18-octobre-2025\/"},"modified":"2025-10-18T14:57:00","modified_gmt":"2025-10-18T14:57:00","slug":"delegation-japon-remise-de-decorations-au-cercle-national-des-armees-8-place-saint-augustin-paris-8e-le-18-octobre-2025","status":"publish","type":"post","link":"https:\/\/encouragement-public.org\/delegation-japon\/delegation-japon-remise-de-decorations-au-cercle-national-des-armees-8-place-saint-augustin-paris-8e-le-18-octobre-2025\/","title":{"rendered":"D\u00e9l\u00e9gation japon : Remise de d\u00e9corations au Cercle National des Arm\u00e9es, 8 Place Saint-Augustin, Paris 8e &#8211; le 18\u00a0octobre 2025"},"content":{"rendered":"\n<p>Le Cercle National des Arm\u00e9es a accueilli, dans le cadre solennel du salon \u201cLe Triomphant\u201d, une c\u00e9r\u00e9monie de remise de d\u00e9corations marqu\u00e9e par la pr\u00e9sence d\u2019une d\u00e9l\u00e9gation japonaise compos\u00e9e de six membres, conduite par Hiroomi TATEMATSU, d\u00e9l\u00e9gu\u00e9 du Japon. \u00c9taient \u00e9galement pr\u00e9sents Didier JEANNEL et Adrien GAILLARD, Colonels \u00e0 la D\u00e9l\u00e9gation G\u00e9n\u00e9rale de l&#8217;Armement (DGA), Nicole BEDEL, secr\u00e9taire g\u00e9n\u00e9rale, Jean-Yves PARRAS, 1er vice-pr\u00e9sident, Wissem BEN HASSINE, graphiste et d\u00e9veloppeur web de l\u2019Encouragement public, ainsi que Thierry BATTMANN, accompagn\u00e9 de son \u00e9pouse G\u00e9raldine et de son fils Ma\u00ebl.<\/p>\n\n\n\n<figure class=\"wp-block-image size-large\"><img decoding=\"async\" src=\"https:\/\/encouragement-public.org\/delegation-japon\/wp-content\/uploads\/sites\/21\/2026\/02\/IMG_3414-1024x768.jpg\" alt=\"\" class=\"wp-image-9811\"\/><\/figure>\n\n\n\n<p>Apr\u00e8s une visite de la biblioth\u00e8que et des vitrines de l\u2019\u00e9tage, les invit\u00e9s se sont r\u00e9unis dans le salon. Les discours de remerciement prononc\u00e9s par Nicole BEDEL et Hiroomi TATEMATSU ont salu\u00e9 l\u2019engagement de Didier JEANNEL, dont l\u2019implication a permis la tenue de cette soir\u00e9e dans ce cadre prestigieux.<\/p>\n\n\n\n<figure class=\"wp-block-image size-large\"><img decoding=\"async\" src=\"https:\/\/encouragement-public.org\/wp-content\/uploads\/2026\/02\/IMG_3607-1024x768.jpg\" alt=\"\" class=\"wp-image-510208\"\/><\/figure>\n\n\n\n<div style=\"height:23px\" aria-hidden=\"true\" class=\"wp-block-spacer\"><\/div>\n\n\n\n<p><strong>La c\u00e9r\u00e9monie a ensuite honor\u00e9 plusieurs personnalit\u00e9s :<\/strong><br><strong>M\u00e9daille d\u2019Or de l\u2019Encouragement public :<\/strong><br>remise \u00e0 Yuko TSUCHIYA (pianiste \u00e0 l\u2019Op\u00e9ra de Paris), Yoichi ARAKAWA, Yasuhiro KURITA, et Kasumi ASANO (absente).<\/p>\n\n\n\n<p><strong>Cordon\/Grand Officier :<\/strong><br>d\u00e9cern\u00e9 \u00e0 Yoshimichi KUBOKAWA.<\/p>\n\n\n\n<p><strong>M\u00e9daille de la Ville de Paris :<\/strong><br><strong>\u00c9chelon Bronze :<\/strong><br>Didier JEANNEL, Thierry BATTMANN<br><strong>\u00c9chelon Argent :<\/strong><br>Kimie HANAMURA, Yoichi ARAKAWA, Yasuhiro KURITA, Misunori MAKINO (absent)<\/p>\n\n\n\n<p><br>La soir\u00e9e s\u2019est poursuivie dans une ambiance conviviale autour d\u2019une coupe de champagne, suivie d\u2019un d\u00eener raffin\u00e9 sign\u00e9 par le chef \u00e9toil\u00e9 J\u00e9r\u00f4me RIOUX, unanimement appr\u00e9ci\u00e9. En cl\u00f4ture, la d\u00e9l\u00e9gation japonaise a offert des cadeaux symboliques aux convives, renfor\u00e7ant les liens d\u2019amiti\u00e9 et de reconnaissance mutuelle.<\/p>\n\n\n\n<figure class=\"wp-block-gallery has-nested-images columns-default is-cropped wp-block-gallery-1 is-layout-flex wp-block-gallery-is-layout-flex\">\n<figure class=\"wp-block-image size-large\"><img decoding=\"async\" data-id=\"510211\" src=\"https:\/\/encouragement-public.org\/wp-content\/uploads\/2026\/02\/IMG_3424-1024x768.jpg\" alt=\"\" class=\"wp-image-510211\"\/><\/figure>\n\n\n\n<figure class=\"wp-block-image size-large\"><img decoding=\"async\" data-id=\"510210\" src=\"https:\/\/encouragement-public.org\/wp-content\/uploads\/2026\/02\/IMG_3420-1024x768.jpg\" alt=\"\" class=\"wp-image-510210\"\/><\/figure>\n\n\n\n<figure class=\"wp-block-image size-large\"><img decoding=\"async\" data-id=\"9810\" src=\"https:\/\/encouragement-public.org\/delegation-japon\/wp-content\/uploads\/sites\/21\/2026\/02\/IMG_3617-1024x768.jpg\" alt=\"\" class=\"wp-image-9810\"\/><\/figure>\n\n\n\n<figure class=\"wp-block-image size-large\"><img decoding=\"async\" data-id=\"510212\" src=\"https:\/\/encouragement-public.org\/wp-content\/uploads\/2026\/02\/IMG_3668-1024x768.jpg\" alt=\"\" class=\"wp-image-510212\"\/><\/figure>\n<\/figure>\n\n\n\n<div style=\"height:100px\" aria-hidden=\"true\" class=\"wp-block-spacer\"><\/div>\n","protected":false},"excerpt":{"rendered":"<p>Le Cercle National des Arm\u00e9es a accueilli, dans le cadre solennel du salon \u201cLe Triomphant\u201d,&#8230;<\/p>\n","protected":false},"author":1,"featured_media":9811,"comment_status":"open","ping_status":"open","sticky":false,"template":"","format":"standard","meta":{"footnotes":""},"categories":[255,275,325],"tags":[],"class_list":["post-9809","post","type-post","status-publish","format-standard","has-post-thumbnail","hentry","category-delegation-japon","category-remises-de-decorations","category-siege"],"yoast_head":"<!-- This site is optimized with the Yoast SEO plugin v27.5 - https:\/\/yoast.com\/product\/yoast-seo-wordpress\/ -->\n<title>D\u00e9l\u00e9gation japon : Remise de d\u00e9corations au Cercle National des Arm\u00e9es, 8 Place Saint-Augustin, Paris 8e - le 18\u00a0octobre 2025 - D\u00e9l\u00e9gation Japon<\/title>\n<meta name=\"robots\" content=\"index, follow, max-snippet:-1, max-image-preview:large, max-video-preview:-1\" \/>\n<link rel=\"canonical\" href=\"https:\/\/encouragement-public.org\/delegation-japon\/delegation-japon-remise-de-decorations-au-cercle-national-des-armees-8-place-saint-augustin-paris-8e-le-18-octobre-2025\/\" \/>\n<meta property=\"og:locale\" content=\"fr_FR\" \/>\n<meta property=\"og:type\" content=\"article\" \/>\n<meta property=\"og:title\" content=\"D\u00e9l\u00e9gation japon : Remise de d\u00e9corations au Cercle National des Arm\u00e9es, 8 Place Saint-Augustin, Paris 8e - le 18\u00a0octobre 2025 - D\u00e9l\u00e9gation Japon\" \/>\n<meta property=\"og:description\" content=\"Le Cercle National des Arm\u00e9es a accueilli, dans le cadre solennel du salon \u201cLe Triomphant\u201d,...\" \/>\n<meta property=\"og:url\" content=\"https:\/\/encouragement-public.org\/delegation-japon\/delegation-japon-remise-de-decorations-au-cercle-national-des-armees-8-place-saint-augustin-paris-8e-le-18-octobre-2025\/\" \/>\n<meta property=\"og:site_name\" content=\"D\u00e9l\u00e9gation Japon\" \/>\n<meta property=\"article:published_time\" content=\"2025-10-18T14:57:00+00:00\" \/>\n<meta property=\"og:image\" content=\"https:\/\/encouragement-public.org\/delegation-japon\/wp-content\/uploads\/sites\/21\/2026\/02\/IMG_3414-scaled.jpg\" \/>\n\t<meta property=\"og:image:width\" content=\"2560\" \/>\n\t<meta property=\"og:image:height\" content=\"1920\" \/>\n\t<meta property=\"og:image:type\" content=\"image\/jpeg\" \/>\n<meta name=\"author\" content=\"EP-France\" \/>\n<meta name=\"twitter:card\" content=\"summary_large_image\" \/>\n<meta name=\"twitter:label1\" content=\"\u00c9crit par\" \/>\n\t<meta name=\"twitter:data1\" content=\"EP-France\" \/>\n\t<meta name=\"twitter:label2\" content=\"Dur\u00e9e de lecture estim\u00e9e\" \/>\n\t<meta name=\"twitter:data2\" content=\"3 minutes\" \/>\n<script type=\"application\/ld+json\" class=\"yoast-schema-graph\">{\"@context\":\"https:\\\/\\\/schema.org\",\"@graph\":[{\"@type\":\"Article\",\"@id\":\"https:\\\/\\\/encouragement-public.org\\\/delegation-japon\\\/delegation-japon-remise-de-decorations-au-cercle-national-des-armees-8-place-saint-augustin-paris-8e-le-18-octobre-2025\\\/#article\",\"isPartOf\":{\"@id\":\"https:\\\/\\\/encouragement-public.org\\\/delegation-japon\\\/delegation-japon-remise-de-decorations-au-cercle-national-des-armees-8-place-saint-augustin-paris-8e-le-18-octobre-2025\\\/\"},\"author\":{\"name\":\"EP-France\",\"@id\":\"https:\\\/\\\/encouragement-public.org\\\/delegation-japon\\\/#\\\/schema\\\/person\\\/2d658710b1357f9e567503f0527fbfcd\"},\"headline\":\"D\u00e9l\u00e9gation japon : Remise de d\u00e9corations au Cercle National des Arm\u00e9es, 8 Place Saint-Augustin, Paris 8e &#8211; le 18\u00a0octobre 2025\",\"datePublished\":\"2025-10-18T14:57:00+00:00\",\"mainEntityOfPage\":{\"@id\":\"https:\\\/\\\/encouragement-public.org\\\/delegation-japon\\\/delegation-japon-remise-de-decorations-au-cercle-national-des-armees-8-place-saint-augustin-paris-8e-le-18-octobre-2025\\\/\"},\"wordCount\":316,\"commentCount\":0,\"image\":{\"@id\":\"https:\\\/\\\/encouragement-public.org\\\/delegation-japon\\\/delegation-japon-remise-de-decorations-au-cercle-national-des-armees-8-place-saint-augustin-paris-8e-le-18-octobre-2025\\\/#primaryimage\"},\"thumbnailUrl\":\"https:\\\/\\\/encouragement-public.org\\\/delegation-japon\\\/wp-content\\\/uploads\\\/sites\\\/21\\\/2026\\\/02\\\/IMG_3414-scaled.jpg\",\"articleSection\":[\"D\u00c9L\u00c9GATION JAPON\",\"REMISES DE D\u00c9CORATIONS\",\"SI\u00c8GE\"],\"inLanguage\":\"fr-FR\"},{\"@type\":\"WebPage\",\"@id\":\"https:\\\/\\\/encouragement-public.org\\\/delegation-japon\\\/delegation-japon-remise-de-decorations-au-cercle-national-des-armees-8-place-saint-augustin-paris-8e-le-18-octobre-2025\\\/\",\"url\":\"https:\\\/\\\/encouragement-public.org\\\/delegation-japon\\\/delegation-japon-remise-de-decorations-au-cercle-national-des-armees-8-place-saint-augustin-paris-8e-le-18-octobre-2025\\\/\",\"name\":\"D\u00e9l\u00e9gation japon : Remise de d\u00e9corations au Cercle National des Arm\u00e9es, 8 Place Saint-Augustin, Paris 8e - le 18\u00a0octobre 2025 - D\u00e9l\u00e9gation Japon\",\"isPartOf\":{\"@id\":\"https:\\\/\\\/encouragement-public.org\\\/delegation-japon\\\/#website\"},\"primaryImageOfPage\":{\"@id\":\"https:\\\/\\\/encouragement-public.org\\\/delegation-japon\\\/delegation-japon-remise-de-decorations-au-cercle-national-des-armees-8-place-saint-augustin-paris-8e-le-18-octobre-2025\\\/#primaryimage\"},\"image\":{\"@id\":\"https:\\\/\\\/encouragement-public.org\\\/delegation-japon\\\/delegation-japon-remise-de-decorations-au-cercle-national-des-armees-8-place-saint-augustin-paris-8e-le-18-octobre-2025\\\/#primaryimage\"},\"thumbnailUrl\":\"https:\\\/\\\/encouragement-public.org\\\/delegation-japon\\\/wp-content\\\/uploads\\\/sites\\\/21\\\/2026\\\/02\\\/IMG_3414-scaled.jpg\",\"datePublished\":\"2025-10-18T14:57:00+00:00\",\"author\":{\"@id\":\"https:\\\/\\\/encouragement-public.org\\\/delegation-japon\\\/#\\\/schema\\\/person\\\/2d658710b1357f9e567503f0527fbfcd\"},\"breadcrumb\":{\"@id\":\"https:\\\/\\\/encouragement-public.org\\\/delegation-japon\\\/delegation-japon-remise-de-decorations-au-cercle-national-des-armees-8-place-saint-augustin-paris-8e-le-18-octobre-2025\\\/#breadcrumb\"},\"inLanguage\":\"fr-FR\",\"potentialAction\":[{\"@type\":\"ReadAction\",\"target\":[\"https:\\\/\\\/encouragement-public.org\\\/delegation-japon\\\/delegation-japon-remise-de-decorations-au-cercle-national-des-armees-8-place-saint-augustin-paris-8e-le-18-octobre-2025\\\/\"]}]},{\"@type\":\"ImageObject\",\"inLanguage\":\"fr-FR\",\"@id\":\"https:\\\/\\\/encouragement-public.org\\\/delegation-japon\\\/delegation-japon-remise-de-decorations-au-cercle-national-des-armees-8-place-saint-augustin-paris-8e-le-18-octobre-2025\\\/#primaryimage\",\"url\":\"https:\\\/\\\/encouragement-public.org\\\/delegation-japon\\\/wp-content\\\/uploads\\\/sites\\\/21\\\/2026\\\/02\\\/IMG_3414-scaled.jpg\",\"contentUrl\":\"https:\\\/\\\/encouragement-public.org\\\/delegation-japon\\\/wp-content\\\/uploads\\\/sites\\\/21\\\/2026\\\/02\\\/IMG_3414-scaled.jpg\",\"width\":2560,\"height\":1920},{\"@type\":\"BreadcrumbList\",\"@id\":\"https:\\\/\\\/encouragement-public.org\\\/delegation-japon\\\/delegation-japon-remise-de-decorations-au-cercle-national-des-armees-8-place-saint-augustin-paris-8e-le-18-octobre-2025\\\/#breadcrumb\",\"itemListElement\":[{\"@type\":\"ListItem\",\"position\":1,\"name\":\"Accueil\",\"item\":\"https:\\\/\\\/encouragement-public.org\\\/delegation-japon\\\/\"},{\"@type\":\"ListItem\",\"position\":2,\"name\":\"SANS CAT\u00c9GORIE\",\"item\":\"https:\\\/\\\/encouragement-public.org\\\/delegation-japon\\\/category\\\/sans-categorie\\\/\"},{\"@type\":\"ListItem\",\"position\":3,\"name\":\"D\u00e9l\u00e9gation japon : Remise de d\u00e9corations au Cercle National des Arm\u00e9es, 8 Place Saint-Augustin, Paris 8e &#8211; le 18\u00a0octobre 2025\"}]},{\"@type\":\"WebSite\",\"@id\":\"https:\\\/\\\/encouragement-public.org\\\/delegation-japon\\\/#website\",\"url\":\"https:\\\/\\\/encouragement-public.org\\\/delegation-japon\\\/\",\"name\":\"D\u00e9l\u00e9gation Japon\",\"description\":\"Savoir r\u00e9compenser le m\u00e9rite\",\"potentialAction\":[{\"@type\":\"SearchAction\",\"target\":{\"@type\":\"EntryPoint\",\"urlTemplate\":\"https:\\\/\\\/encouragement-public.org\\\/delegation-japon\\\/?s={search_term_string}\"},\"query-input\":{\"@type\":\"PropertyValueSpecification\",\"valueRequired\":true,\"valueName\":\"search_term_string\"}}],\"inLanguage\":\"fr-FR\"},{\"@type\":\"Person\",\"@id\":\"https:\\\/\\\/encouragement-public.org\\\/delegation-japon\\\/#\\\/schema\\\/person\\\/2d658710b1357f9e567503f0527fbfcd\",\"name\":\"EP-France\",\"image\":{\"@type\":\"ImageObject\",\"inLanguage\":\"fr-FR\",\"@id\":\"https:\\\/\\\/encouragement-public.org\\\/delegation-japon\\\/wp-content\\\/uploads\\\/2020\\\/08\\\/icone-EP-134x150.png\",\"url\":\"https:\\\/\\\/encouragement-public.org\\\/delegation-japon\\\/wp-content\\\/uploads\\\/2020\\\/08\\\/icone-EP-134x150.png\",\"contentUrl\":\"https:\\\/\\\/encouragement-public.org\\\/delegation-japon\\\/wp-content\\\/uploads\\\/2020\\\/08\\\/icone-EP-134x150.png\",\"caption\":\"EP-France\"},\"url\":\"https:\\\/\\\/encouragement-public.org\\\/delegation-japon\"}]}<\/script>\n<!-- \/ Yoast SEO plugin. -->","yoast_head_json":{"title":"D\u00e9l\u00e9gation japon : Remise de d\u00e9corations au Cercle National des Arm\u00e9es, 8 Place Saint-Augustin, Paris 8e - le 18\u00a0octobre 2025 - D\u00e9l\u00e9gation Japon","robots":{"index":"index","follow":"follow","max-snippet":"max-snippet:-1","max-image-preview":"max-image-preview:large","max-video-preview":"max-video-preview:-1"},"canonical":"https:\/\/encouragement-public.org\/delegation-japon\/delegation-japon-remise-de-decorations-au-cercle-national-des-armees-8-place-saint-augustin-paris-8e-le-18-octobre-2025\/","og_locale":"fr_FR","og_type":"article","og_title":"D\u00e9l\u00e9gation japon : Remise de d\u00e9corations au Cercle National des Arm\u00e9es, 8 Place Saint-Augustin, Paris 8e - le 18\u00a0octobre 2025 - D\u00e9l\u00e9gation Japon","og_description":"Le Cercle National des Arm\u00e9es a accueilli, dans le cadre solennel du salon \u201cLe Triomphant\u201d,...","og_url":"https:\/\/encouragement-public.org\/delegation-japon\/delegation-japon-remise-de-decorations-au-cercle-national-des-armees-8-place-saint-augustin-paris-8e-le-18-octobre-2025\/","og_site_name":"D\u00e9l\u00e9gation Japon","article_published_time":"2025-10-18T14:57:00+00:00","og_image":[{"width":2560,"height":1920,"url":"https:\/\/encouragement-public.org\/delegation-japon\/wp-content\/uploads\/sites\/21\/2026\/02\/IMG_3414-scaled.jpg","type":"image\/jpeg"}],"author":"EP-France","twitter_card":"summary_large_image","twitter_misc":{"\u00c9crit par":"EP-France","Dur\u00e9e de lecture estim\u00e9e":"3 minutes"},"schema":{"@context":"https:\/\/schema.org","@graph":[{"@type":"Article","@id":"https:\/\/encouragement-public.org\/delegation-japon\/delegation-japon-remise-de-decorations-au-cercle-national-des-armees-8-place-saint-augustin-paris-8e-le-18-octobre-2025\/#article","isPartOf":{"@id":"https:\/\/encouragement-public.org\/delegation-japon\/delegation-japon-remise-de-decorations-au-cercle-national-des-armees-8-place-saint-augustin-paris-8e-le-18-octobre-2025\/"},"author":{"name":"EP-France","@id":"https:\/\/encouragement-public.org\/delegation-japon\/#\/schema\/person\/2d658710b1357f9e567503f0527fbfcd"},"headline":"D\u00e9l\u00e9gation japon : Remise de d\u00e9corations au Cercle National des Arm\u00e9es, 8 Place Saint-Augustin, Paris 8e &#8211; le 18\u00a0octobre 2025","datePublished":"2025-10-18T14:57:00+00:00","mainEntityOfPage":{"@id":"https:\/\/encouragement-public.org\/delegation-japon\/delegation-japon-remise-de-decorations-au-cercle-national-des-armees-8-place-saint-augustin-paris-8e-le-18-octobre-2025\/"},"wordCount":316,"commentCount":0,"image":{"@id":"https:\/\/encouragement-public.org\/delegation-japon\/delegation-japon-remise-de-decorations-au-cercle-national-des-armees-8-place-saint-augustin-paris-8e-le-18-octobre-2025\/#primaryimage"},"thumbnailUrl":"https:\/\/encouragement-public.org\/delegation-japon\/wp-content\/uploads\/sites\/21\/2026\/02\/IMG_3414-scaled.jpg","articleSection":["D\u00c9L\u00c9GATION JAPON","REMISES DE D\u00c9CORATIONS","SI\u00c8GE"],"inLanguage":"fr-FR"},{"@type":"WebPage","@id":"https:\/\/encouragement-public.org\/delegation-japon\/delegation-japon-remise-de-decorations-au-cercle-national-des-armees-8-place-saint-augustin-paris-8e-le-18-octobre-2025\/","url":"https:\/\/encouragement-public.org\/delegation-japon\/delegation-japon-remise-de-decorations-au-cercle-national-des-armees-8-place-saint-augustin-paris-8e-le-18-octobre-2025\/","name":"D\u00e9l\u00e9gation japon : Remise de d\u00e9corations au Cercle National des Arm\u00e9es, 8 Place Saint-Augustin, Paris 8e - le 18\u00a0octobre 2025 - D\u00e9l\u00e9gation Japon","isPartOf":{"@id":"https:\/\/encouragement-public.org\/delegation-japon\/#website"},"primaryImageOfPage":{"@id":"https:\/\/encouragement-public.org\/delegation-japon\/delegation-japon-remise-de-decorations-au-cercle-national-des-armees-8-place-saint-augustin-paris-8e-le-18-octobre-2025\/#primaryimage"},"image":{"@id":"https:\/\/encouragement-public.org\/delegation-japon\/delegation-japon-remise-de-decorations-au-cercle-national-des-armees-8-place-saint-augustin-paris-8e-le-18-octobre-2025\/#primaryimage"},"thumbnailUrl":"https:\/\/encouragement-public.org\/delegation-japon\/wp-content\/uploads\/sites\/21\/2026\/02\/IMG_3414-scaled.jpg","datePublished":"2025-10-18T14:57:00+00:00","author":{"@id":"https:\/\/encouragement-public.org\/delegation-japon\/#\/schema\/person\/2d658710b1357f9e567503f0527fbfcd"},"breadcrumb":{"@id":"https:\/\/encouragement-public.org\/delegation-japon\/delegation-japon-remise-de-decorations-au-cercle-national-des-armees-8-place-saint-augustin-paris-8e-le-18-octobre-2025\/#breadcrumb"},"inLanguage":"fr-FR","potentialAction":[{"@type":"ReadAction","target":["https:\/\/encouragement-public.org\/delegation-japon\/delegation-japon-remise-de-decorations-au-cercle-national-des-armees-8-place-saint-augustin-paris-8e-le-18-octobre-2025\/"]}]},{"@type":"ImageObject","inLanguage":"fr-FR","@id":"https:\/\/encouragement-public.org\/delegation-japon\/delegation-japon-remise-de-decorations-au-cercle-national-des-armees-8-place-saint-augustin-paris-8e-le-18-octobre-2025\/#primaryimage","url":"https:\/\/encouragement-public.org\/delegation-japon\/wp-content\/uploads\/sites\/21\/2026\/02\/IMG_3414-scaled.jpg","contentUrl":"https:\/\/encouragement-public.org\/delegation-japon\/wp-content\/uploads\/sites\/21\/2026\/02\/IMG_3414-scaled.jpg","width":2560,"height":1920},{"@type":"BreadcrumbList","@id":"https:\/\/encouragement-public.org\/delegation-japon\/delegation-japon-remise-de-decorations-au-cercle-national-des-armees-8-place-saint-augustin-paris-8e-le-18-octobre-2025\/#breadcrumb","itemListElement":[{"@type":"ListItem","position":1,"name":"Accueil","item":"https:\/\/encouragement-public.org\/delegation-japon\/"},{"@type":"ListItem","position":2,"name":"SANS CAT\u00c9GORIE","item":"https:\/\/encouragement-public.org\/delegation-japon\/category\/sans-categorie\/"},{"@type":"ListItem","position":3,"name":"D\u00e9l\u00e9gation japon : Remise de d\u00e9corations au Cercle National des Arm\u00e9es, 8 Place Saint-Augustin, Paris 8e &#8211; le 18\u00a0octobre 2025"}]},{"@type":"WebSite","@id":"https:\/\/encouragement-public.org\/delegation-japon\/#website","url":"https:\/\/encouragement-public.org\/delegation-japon\/","name":"D\u00e9l\u00e9gation Japon","description":"Savoir r\u00e9compenser le m\u00e9rite","potentialAction":[{"@type":"SearchAction","target":{"@type":"EntryPoint","urlTemplate":"https:\/\/encouragement-public.org\/delegation-japon\/?s={search_term_string}"},"query-input":{"@type":"PropertyValueSpecification","valueRequired":true,"valueName":"search_term_string"}}],"inLanguage":"fr-FR"},{"@type":"Person","@id":"https:\/\/encouragement-public.org\/delegation-japon\/#\/schema\/person\/2d658710b1357f9e567503f0527fbfcd","name":"EP-France","image":{"@type":"ImageObject","inLanguage":"fr-FR","@id":"https:\/\/encouragement-public.org\/delegation-japon\/wp-content\/uploads\/2020\/08\/icone-EP-134x150.png","url":"https:\/\/encouragement-public.org\/delegation-japon\/wp-content\/uploads\/2020\/08\/icone-EP-134x150.png","contentUrl":"https:\/\/encouragement-public.org\/delegation-japon\/wp-content\/uploads\/2020\/08\/icone-EP-134x150.png","caption":"EP-France"},"url":"https:\/\/encouragement-public.org\/delegation-japon"}]}},"_links":{"self":[{"href":"https:\/\/encouragement-public.org\/delegation-japon\/wp-json\/wp\/v2\/posts\/9809","targetHints":{"allow":["GET"]}}],"collection":[{"href":"https:\/\/encouragement-public.org\/delegation-japon\/wp-json\/wp\/v2\/posts"}],"about":[{"href":"https:\/\/encouragement-public.org\/delegation-japon\/wp-json\/wp\/v2\/types\/post"}],"author":[{"embeddable":true,"href":"https:\/\/encouragement-public.org\/delegation-japon\/wp-json\/wp\/v2\/users\/1"}],"replies":[{"embeddable":true,"href":"https:\/\/encouragement-public.org\/delegation-japon\/wp-json\/wp\/v2\/comments?post=9809"}],"version-history":[{"count":1,"href":"https:\/\/encouragement-public.org\/delegation-japon\/wp-json\/wp\/v2\/posts\/9809\/revisions"}],"predecessor-version":[{"id":9812,"href":"https:\/\/encouragement-public.org\/delegation-japon\/wp-json\/wp\/v2\/posts\/9809\/revisions\/9812"}],"wp:featuredmedia":[{"embeddable":true,"href":"https:\/\/encouragement-public.org\/delegation-japon\/wp-json\/wp\/v2\/media\/9811"}],"wp:attachment":[{"href":"https:\/\/encouragement-public.org\/delegation-japon\/wp-json\/wp\/v2\/media?parent=9809"}],"wp:term":[{"taxonomy":"category","embeddable":true,"href":"https:\/\/encouragement-public.org\/delegation-japon\/wp-json\/wp\/v2\/categories?post=9809"},{"taxonomy":"post_tag","embeddable":true,"href":"https:\/\/encouragement-public.org\/delegation-japon\/wp-json\/wp\/v2\/tags?post=9809"}],"curies":[{"name":"wp","href":"https:\/\/api.w.org\/{rel}","templated":true}]}}