{"id":9822,"date":"2025-09-14T16:14:00","date_gmt":"2025-09-14T16:14:00","guid":{"rendered":"https:\/\/encouragement-public.org\/delegation-japon\/?p=9822"},"modified":"2026-02-26T16:16:35","modified_gmt":"2026-02-26T16:16:35","slug":"conference-sur-le-theme-gestion-de-la-jeunesse-et-de-leducation-a-tokyo","status":"publish","type":"post","link":"https:\/\/encouragement-public.org\/delegation-japon\/conference-sur-le-theme-gestion-de-la-jeunesse-et-de-leducation-a-tokyo\/","title":{"rendered":"Conf\u00e9rence sur le th\u00e8me Gestion de la Jeunesse et de l\u2019Education, \u00e0 Tokyo"},"content":{"rendered":"\n<p>Monsieur Nobuko IWAKI, c\u00e9l\u00e8bre ancien diplomate et fondateur de l\u2019Acad\u00e9mie internationale de Jeunesse \u00e9tudiants a donn\u00e9 une conf\u00e9rence sur le th\u00e8me \u00ab\u00a0Gestion de la Jeunesse de l\u2019Education, au Grand Prince Shinagawa. L\u2019impact social de cette conf\u00e9rence est bas\u00e9 sur la philosophie, la sociologie, le futurisme de ce projet, destin\u00e9 aux futurs \u00e9tudiants.<\/p>\n\n\n\n<p><\/p>\n","protected":false},"excerpt":{"rendered":"<p>Monsieur Nobuko IWAKI, c\u00e9l\u00e8bre ancien diplomate et fondateur de l\u2019Acad\u00e9mie internationale de Jeunesse \u00e9tudiants a&#8230;<\/p>\n","protected":false},"author":1,"featured_media":9818,"comment_status":"open","ping_status":"open","sticky":false,"template":"","format":"standard","meta":{"footnotes":""},"categories":[275],"tags":[],"class_list":["post-9822","post","type-post","status-publish","format-standard","has-post-thumbnail","hentry","category-remises-de-decorations"],"yoast_head":"<!-- This site is optimized with the Yoast SEO plugin v27.5 - https:\/\/yoast.com\/product\/yoast-seo-wordpress\/ -->\n<title>Conf\u00e9rence sur le th\u00e8me Gestion de la Jeunesse et de l\u2019Education, \u00e0 Tokyo - D\u00e9l\u00e9gation Japon<\/title>\n<meta name=\"robots\" content=\"index, follow, max-snippet:-1, max-image-preview:large, max-video-preview:-1\" \/>\n<link rel=\"canonical\" href=\"https:\/\/encouragement-public.org\/delegation-japon\/conference-sur-le-theme-gestion-de-la-jeunesse-et-de-leducation-a-tokyo\/\" \/>\n<meta property=\"og:locale\" content=\"fr_FR\" \/>\n<meta property=\"og:type\" content=\"article\" \/>\n<meta property=\"og:title\" content=\"Conf\u00e9rence sur le th\u00e8me Gestion de la Jeunesse et de l\u2019Education, \u00e0 Tokyo - D\u00e9l\u00e9gation Japon\" \/>\n<meta property=\"og:description\" content=\"Monsieur Nobuko IWAKI, c\u00e9l\u00e8bre ancien diplomate et fondateur de l\u2019Acad\u00e9mie internationale de Jeunesse \u00e9tudiants a...\" \/>\n<meta property=\"og:url\" content=\"https:\/\/encouragement-public.org\/delegation-japon\/conference-sur-le-theme-gestion-de-la-jeunesse-et-de-leducation-a-tokyo\/\" \/>\n<meta property=\"og:site_name\" content=\"D\u00e9l\u00e9gation Japon\" \/>\n<meta property=\"article:published_time\" content=\"2025-09-14T16:14:00+00:00\" \/>\n<meta property=\"article:modified_time\" content=\"2026-02-26T16:16:35+00:00\" \/>\n<meta property=\"og:image\" content=\"https:\/\/encouragement-public.org\/delegation-japon\/wp-content\/uploads\/sites\/21\/2026\/02\/Conference-sur-le-theme-Gestion-de-la-Jeunesse-et-de-lEducation-a-Tokyo.jpg\" \/>\n\t<meta property=\"og:image:width\" content=\"595\" \/>\n\t<meta property=\"og:image:height\" content=\"335\" \/>\n\t<meta property=\"og:image:type\" content=\"image\/jpeg\" \/>\n<meta name=\"author\" content=\"EP-France\" \/>\n<meta name=\"twitter:card\" content=\"summary_large_image\" \/>\n<meta name=\"twitter:label1\" content=\"\u00c9crit par\" \/>\n\t<meta name=\"twitter:data1\" content=\"EP-France\" \/>\n\t<meta name=\"twitter:label2\" content=\"Dur\u00e9e de lecture estim\u00e9e\" \/>\n\t<meta name=\"twitter:data2\" content=\"1 minute\" \/>\n<script type=\"application\/ld+json\" class=\"yoast-schema-graph\">{\"@context\":\"https:\\\/\\\/schema.org\",\"@graph\":[{\"@type\":\"Article\",\"@id\":\"https:\\\/\\\/encouragement-public.org\\\/delegation-japon\\\/conference-sur-le-theme-gestion-de-la-jeunesse-et-de-leducation-a-tokyo\\\/#article\",\"isPartOf\":{\"@id\":\"https:\\\/\\\/encouragement-public.org\\\/delegation-japon\\\/conference-sur-le-theme-gestion-de-la-jeunesse-et-de-leducation-a-tokyo\\\/\"},\"author\":{\"name\":\"EP-France\",\"@id\":\"https:\\\/\\\/encouragement-public.org\\\/delegation-japon\\\/#\\\/schema\\\/person\\\/2d658710b1357f9e567503f0527fbfcd\"},\"headline\":\"Conf\u00e9rence sur le th\u00e8me Gestion de la Jeunesse et de l\u2019Education, \u00e0 Tokyo\",\"datePublished\":\"2025-09-14T16:14:00+00:00\",\"dateModified\":\"2026-02-26T16:16:35+00:00\",\"mainEntityOfPage\":{\"@id\":\"https:\\\/\\\/encouragement-public.org\\\/delegation-japon\\\/conference-sur-le-theme-gestion-de-la-jeunesse-et-de-leducation-a-tokyo\\\/\"},\"wordCount\":76,\"commentCount\":0,\"image\":{\"@id\":\"https:\\\/\\\/encouragement-public.org\\\/delegation-japon\\\/conference-sur-le-theme-gestion-de-la-jeunesse-et-de-leducation-a-tokyo\\\/#primaryimage\"},\"thumbnailUrl\":\"https:\\\/\\\/encouragement-public.org\\\/delegation-japon\\\/wp-content\\\/uploads\\\/sites\\\/21\\\/2026\\\/02\\\/Conference-sur-le-theme-Gestion-de-la-Jeunesse-et-de-lEducation-a-Tokyo.jpg\",\"articleSection\":[\"REMISES DE D\u00c9CORATIONS\"],\"inLanguage\":\"fr-FR\"},{\"@type\":\"WebPage\",\"@id\":\"https:\\\/\\\/encouragement-public.org\\\/delegation-japon\\\/conference-sur-le-theme-gestion-de-la-jeunesse-et-de-leducation-a-tokyo\\\/\",\"url\":\"https:\\\/\\\/encouragement-public.org\\\/delegation-japon\\\/conference-sur-le-theme-gestion-de-la-jeunesse-et-de-leducation-a-tokyo\\\/\",\"name\":\"Conf\u00e9rence sur le th\u00e8me Gestion de la Jeunesse et de l\u2019Education, \u00e0 Tokyo - D\u00e9l\u00e9gation Japon\",\"isPartOf\":{\"@id\":\"https:\\\/\\\/encouragement-public.org\\\/delegation-japon\\\/#website\"},\"primaryImageOfPage\":{\"@id\":\"https:\\\/\\\/encouragement-public.org\\\/delegation-japon\\\/conference-sur-le-theme-gestion-de-la-jeunesse-et-de-leducation-a-tokyo\\\/#primaryimage\"},\"image\":{\"@id\":\"https:\\\/\\\/encouragement-public.org\\\/delegation-japon\\\/conference-sur-le-theme-gestion-de-la-jeunesse-et-de-leducation-a-tokyo\\\/#primaryimage\"},\"thumbnailUrl\":\"https:\\\/\\\/encouragement-public.org\\\/delegation-japon\\\/wp-content\\\/uploads\\\/sites\\\/21\\\/2026\\\/02\\\/Conference-sur-le-theme-Gestion-de-la-Jeunesse-et-de-lEducation-a-Tokyo.jpg\",\"datePublished\":\"2025-09-14T16:14:00+00:00\",\"dateModified\":\"2026-02-26T16:16:35+00:00\",\"author\":{\"@id\":\"https:\\\/\\\/encouragement-public.org\\\/delegation-japon\\\/#\\\/schema\\\/person\\\/2d658710b1357f9e567503f0527fbfcd\"},\"breadcrumb\":{\"@id\":\"https:\\\/\\\/encouragement-public.org\\\/delegation-japon\\\/conference-sur-le-theme-gestion-de-la-jeunesse-et-de-leducation-a-tokyo\\\/#breadcrumb\"},\"inLanguage\":\"fr-FR\",\"potentialAction\":[{\"@type\":\"ReadAction\",\"target\":[\"https:\\\/\\\/encouragement-public.org\\\/delegation-japon\\\/conference-sur-le-theme-gestion-de-la-jeunesse-et-de-leducation-a-tokyo\\\/\"]}]},{\"@type\":\"ImageObject\",\"inLanguage\":\"fr-FR\",\"@id\":\"https:\\\/\\\/encouragement-public.org\\\/delegation-japon\\\/conference-sur-le-theme-gestion-de-la-jeunesse-et-de-leducation-a-tokyo\\\/#primaryimage\",\"url\":\"https:\\\/\\\/encouragement-public.org\\\/delegation-japon\\\/wp-content\\\/uploads\\\/sites\\\/21\\\/2026\\\/02\\\/Conference-sur-le-theme-Gestion-de-la-Jeunesse-et-de-lEducation-a-Tokyo.jpg\",\"contentUrl\":\"https:\\\/\\\/encouragement-public.org\\\/delegation-japon\\\/wp-content\\\/uploads\\\/sites\\\/21\\\/2026\\\/02\\\/Conference-sur-le-theme-Gestion-de-la-Jeunesse-et-de-lEducation-a-Tokyo.jpg\",\"width\":595,\"height\":335},{\"@type\":\"BreadcrumbList\",\"@id\":\"https:\\\/\\\/encouragement-public.org\\\/delegation-japon\\\/conference-sur-le-theme-gestion-de-la-jeunesse-et-de-leducation-a-tokyo\\\/#breadcrumb\",\"itemListElement\":[{\"@type\":\"ListItem\",\"position\":1,\"name\":\"Accueil\",\"item\":\"https:\\\/\\\/encouragement-public.org\\\/delegation-japon\\\/\"},{\"@type\":\"ListItem\",\"position\":2,\"name\":\"SAVOIR R\u00c9COMPENSER LE M\u00c9RITE\",\"item\":\"https:\\\/\\\/encouragement-public.org\\\/delegation-japon\\\/category\\\/savoir-recompenser-le-merite\\\/\"},{\"@type\":\"ListItem\",\"position\":3,\"name\":\"REMISES DE D\u00c9CORATIONS\",\"item\":\"https:\\\/\\\/encouragement-public.org\\\/delegation-japon\\\/category\\\/savoir-recompenser-le-merite\\\/remises-de-decorations\\\/\"},{\"@type\":\"ListItem\",\"position\":4,\"name\":\"Conf\u00e9rence sur le th\u00e8me Gestion de la Jeunesse et de l\u2019Education, \u00e0 Tokyo\"}]},{\"@type\":\"WebSite\",\"@id\":\"https:\\\/\\\/encouragement-public.org\\\/delegation-japon\\\/#website\",\"url\":\"https:\\\/\\\/encouragement-public.org\\\/delegation-japon\\\/\",\"name\":\"D\u00e9l\u00e9gation Japon\",\"description\":\"Savoir r\u00e9compenser le m\u00e9rite\",\"potentialAction\":[{\"@type\":\"SearchAction\",\"target\":{\"@type\":\"EntryPoint\",\"urlTemplate\":\"https:\\\/\\\/encouragement-public.org\\\/delegation-japon\\\/?s={search_term_string}\"},\"query-input\":{\"@type\":\"PropertyValueSpecification\",\"valueRequired\":true,\"valueName\":\"search_term_string\"}}],\"inLanguage\":\"fr-FR\"},{\"@type\":\"Person\",\"@id\":\"https:\\\/\\\/encouragement-public.org\\\/delegation-japon\\\/#\\\/schema\\\/person\\\/2d658710b1357f9e567503f0527fbfcd\",\"name\":\"EP-France\",\"image\":{\"@type\":\"ImageObject\",\"inLanguage\":\"fr-FR\",\"@id\":\"https:\\\/\\\/encouragement-public.org\\\/delegation-japon\\\/wp-content\\\/uploads\\\/2020\\\/08\\\/icone-EP-134x150.png\",\"url\":\"https:\\\/\\\/encouragement-public.org\\\/delegation-japon\\\/wp-content\\\/uploads\\\/2020\\\/08\\\/icone-EP-134x150.png\",\"contentUrl\":\"https:\\\/\\\/encouragement-public.org\\\/delegation-japon\\\/wp-content\\\/uploads\\\/2020\\\/08\\\/icone-EP-134x150.png\",\"caption\":\"EP-France\"},\"url\":\"https:\\\/\\\/encouragement-public.org\\\/delegation-japon\"}]}<\/script>\n<!-- \/ Yoast SEO plugin. -->","yoast_head_json":{"title":"Conf\u00e9rence sur le th\u00e8me Gestion de la Jeunesse et de l\u2019Education, \u00e0 Tokyo - D\u00e9l\u00e9gation Japon","robots":{"index":"index","follow":"follow","max-snippet":"max-snippet:-1","max-image-preview":"max-image-preview:large","max-video-preview":"max-video-preview:-1"},"canonical":"https:\/\/encouragement-public.org\/delegation-japon\/conference-sur-le-theme-gestion-de-la-jeunesse-et-de-leducation-a-tokyo\/","og_locale":"fr_FR","og_type":"article","og_title":"Conf\u00e9rence sur le th\u00e8me Gestion de la Jeunesse et de l\u2019Education, \u00e0 Tokyo - D\u00e9l\u00e9gation Japon","og_description":"Monsieur Nobuko IWAKI, c\u00e9l\u00e8bre ancien diplomate et fondateur de l\u2019Acad\u00e9mie internationale de Jeunesse \u00e9tudiants a...","og_url":"https:\/\/encouragement-public.org\/delegation-japon\/conference-sur-le-theme-gestion-de-la-jeunesse-et-de-leducation-a-tokyo\/","og_site_name":"D\u00e9l\u00e9gation Japon","article_published_time":"2025-09-14T16:14:00+00:00","article_modified_time":"2026-02-26T16:16:35+00:00","og_image":[{"width":595,"height":335,"url":"https:\/\/encouragement-public.org\/delegation-japon\/wp-content\/uploads\/sites\/21\/2026\/02\/Conference-sur-le-theme-Gestion-de-la-Jeunesse-et-de-lEducation-a-Tokyo.jpg","type":"image\/jpeg"}],"author":"EP-France","twitter_card":"summary_large_image","twitter_misc":{"\u00c9crit par":"EP-France","Dur\u00e9e de lecture estim\u00e9e":"1 minute"},"schema":{"@context":"https:\/\/schema.org","@graph":[{"@type":"Article","@id":"https:\/\/encouragement-public.org\/delegation-japon\/conference-sur-le-theme-gestion-de-la-jeunesse-et-de-leducation-a-tokyo\/#article","isPartOf":{"@id":"https:\/\/encouragement-public.org\/delegation-japon\/conference-sur-le-theme-gestion-de-la-jeunesse-et-de-leducation-a-tokyo\/"},"author":{"name":"EP-France","@id":"https:\/\/encouragement-public.org\/delegation-japon\/#\/schema\/person\/2d658710b1357f9e567503f0527fbfcd"},"headline":"Conf\u00e9rence sur le th\u00e8me Gestion de la Jeunesse et de l\u2019Education, \u00e0 Tokyo","datePublished":"2025-09-14T16:14:00+00:00","dateModified":"2026-02-26T16:16:35+00:00","mainEntityOfPage":{"@id":"https:\/\/encouragement-public.org\/delegation-japon\/conference-sur-le-theme-gestion-de-la-jeunesse-et-de-leducation-a-tokyo\/"},"wordCount":76,"commentCount":0,"image":{"@id":"https:\/\/encouragement-public.org\/delegation-japon\/conference-sur-le-theme-gestion-de-la-jeunesse-et-de-leducation-a-tokyo\/#primaryimage"},"thumbnailUrl":"https:\/\/encouragement-public.org\/delegation-japon\/wp-content\/uploads\/sites\/21\/2026\/02\/Conference-sur-le-theme-Gestion-de-la-Jeunesse-et-de-lEducation-a-Tokyo.jpg","articleSection":["REMISES DE D\u00c9CORATIONS"],"inLanguage":"fr-FR"},{"@type":"WebPage","@id":"https:\/\/encouragement-public.org\/delegation-japon\/conference-sur-le-theme-gestion-de-la-jeunesse-et-de-leducation-a-tokyo\/","url":"https:\/\/encouragement-public.org\/delegation-japon\/conference-sur-le-theme-gestion-de-la-jeunesse-et-de-leducation-a-tokyo\/","name":"Conf\u00e9rence sur le th\u00e8me Gestion de la Jeunesse et de l\u2019Education, \u00e0 Tokyo - D\u00e9l\u00e9gation Japon","isPartOf":{"@id":"https:\/\/encouragement-public.org\/delegation-japon\/#website"},"primaryImageOfPage":{"@id":"https:\/\/encouragement-public.org\/delegation-japon\/conference-sur-le-theme-gestion-de-la-jeunesse-et-de-leducation-a-tokyo\/#primaryimage"},"image":{"@id":"https:\/\/encouragement-public.org\/delegation-japon\/conference-sur-le-theme-gestion-de-la-jeunesse-et-de-leducation-a-tokyo\/#primaryimage"},"thumbnailUrl":"https:\/\/encouragement-public.org\/delegation-japon\/wp-content\/uploads\/sites\/21\/2026\/02\/Conference-sur-le-theme-Gestion-de-la-Jeunesse-et-de-lEducation-a-Tokyo.jpg","datePublished":"2025-09-14T16:14:00+00:00","dateModified":"2026-02-26T16:16:35+00:00","author":{"@id":"https:\/\/encouragement-public.org\/delegation-japon\/#\/schema\/person\/2d658710b1357f9e567503f0527fbfcd"},"breadcrumb":{"@id":"https:\/\/encouragement-public.org\/delegation-japon\/conference-sur-le-theme-gestion-de-la-jeunesse-et-de-leducation-a-tokyo\/#breadcrumb"},"inLanguage":"fr-FR","potentialAction":[{"@type":"ReadAction","target":["https:\/\/encouragement-public.org\/delegation-japon\/conference-sur-le-theme-gestion-de-la-jeunesse-et-de-leducation-a-tokyo\/"]}]},{"@type":"ImageObject","inLanguage":"fr-FR","@id":"https:\/\/encouragement-public.org\/delegation-japon\/conference-sur-le-theme-gestion-de-la-jeunesse-et-de-leducation-a-tokyo\/#primaryimage","url":"https:\/\/encouragement-public.org\/delegation-japon\/wp-content\/uploads\/sites\/21\/2026\/02\/Conference-sur-le-theme-Gestion-de-la-Jeunesse-et-de-lEducation-a-Tokyo.jpg","contentUrl":"https:\/\/encouragement-public.org\/delegation-japon\/wp-content\/uploads\/sites\/21\/2026\/02\/Conference-sur-le-theme-Gestion-de-la-Jeunesse-et-de-lEducation-a-Tokyo.jpg","width":595,"height":335},{"@type":"BreadcrumbList","@id":"https:\/\/encouragement-public.org\/delegation-japon\/conference-sur-le-theme-gestion-de-la-jeunesse-et-de-leducation-a-tokyo\/#breadcrumb","itemListElement":[{"@type":"ListItem","position":1,"name":"Accueil","item":"https:\/\/encouragement-public.org\/delegation-japon\/"},{"@type":"ListItem","position":2,"name":"SAVOIR R\u00c9COMPENSER LE M\u00c9RITE","item":"https:\/\/encouragement-public.org\/delegation-japon\/category\/savoir-recompenser-le-merite\/"},{"@type":"ListItem","position":3,"name":"REMISES DE D\u00c9CORATIONS","item":"https:\/\/encouragement-public.org\/delegation-japon\/category\/savoir-recompenser-le-merite\/remises-de-decorations\/"},{"@type":"ListItem","position":4,"name":"Conf\u00e9rence sur le th\u00e8me Gestion de la Jeunesse et de l\u2019Education, \u00e0 Tokyo"}]},{"@type":"WebSite","@id":"https:\/\/encouragement-public.org\/delegation-japon\/#website","url":"https:\/\/encouragement-public.org\/delegation-japon\/","name":"D\u00e9l\u00e9gation Japon","description":"Savoir r\u00e9compenser le m\u00e9rite","potentialAction":[{"@type":"SearchAction","target":{"@type":"EntryPoint","urlTemplate":"https:\/\/encouragement-public.org\/delegation-japon\/?s={search_term_string}"},"query-input":{"@type":"PropertyValueSpecification","valueRequired":true,"valueName":"search_term_string"}}],"inLanguage":"fr-FR"},{"@type":"Person","@id":"https:\/\/encouragement-public.org\/delegation-japon\/#\/schema\/person\/2d658710b1357f9e567503f0527fbfcd","name":"EP-France","image":{"@type":"ImageObject","inLanguage":"fr-FR","@id":"https:\/\/encouragement-public.org\/delegation-japon\/wp-content\/uploads\/2020\/08\/icone-EP-134x150.png","url":"https:\/\/encouragement-public.org\/delegation-japon\/wp-content\/uploads\/2020\/08\/icone-EP-134x150.png","contentUrl":"https:\/\/encouragement-public.org\/delegation-japon\/wp-content\/uploads\/2020\/08\/icone-EP-134x150.png","caption":"EP-France"},"url":"https:\/\/encouragement-public.org\/delegation-japon"}]}},"_links":{"self":[{"href":"https:\/\/encouragement-public.org\/delegation-japon\/wp-json\/wp\/v2\/posts\/9822","targetHints":{"allow":["GET"]}}],"collection":[{"href":"https:\/\/encouragement-public.org\/delegation-japon\/wp-json\/wp\/v2\/posts"}],"about":[{"href":"https:\/\/encouragement-public.org\/delegation-japon\/wp-json\/wp\/v2\/types\/post"}],"author":[{"embeddable":true,"href":"https:\/\/encouragement-public.org\/delegation-japon\/wp-json\/wp\/v2\/users\/1"}],"replies":[{"embeddable":true,"href":"https:\/\/encouragement-public.org\/delegation-japon\/wp-json\/wp\/v2\/comments?post=9822"}],"version-history":[{"count":1,"href":"https:\/\/encouragement-public.org\/delegation-japon\/wp-json\/wp\/v2\/posts\/9822\/revisions"}],"predecessor-version":[{"id":9823,"href":"https:\/\/encouragement-public.org\/delegation-japon\/wp-json\/wp\/v2\/posts\/9822\/revisions\/9823"}],"wp:featuredmedia":[{"embeddable":true,"href":"https:\/\/encouragement-public.org\/delegation-japon\/wp-json\/wp\/v2\/media\/9818"}],"wp:attachment":[{"href":"https:\/\/encouragement-public.org\/delegation-japon\/wp-json\/wp\/v2\/media?parent=9822"}],"wp:term":[{"taxonomy":"category","embeddable":true,"href":"https:\/\/encouragement-public.org\/delegation-japon\/wp-json\/wp\/v2\/categories?post=9822"},{"taxonomy":"post_tag","embeddable":true,"href":"https:\/\/encouragement-public.org\/delegation-japon\/wp-json\/wp\/v2\/tags?post=9822"}],"curies":[{"name":"wp","href":"https:\/\/api.w.org\/{rel}","templated":true}]}}