{"id":9931,"date":"2025-03-14T11:22:35","date_gmt":"2025-03-14T11:22:35","guid":{"rendered":"https:\/\/encouragement-public.org\/delegation-maroc\/assemblee-generale-ordinaire-14-juin-2025-a-san-remo\/"},"modified":"2025-04-01T18:19:04","modified_gmt":"2025-04-01T18:19:04","slug":"assemblee-generale-ordinaire-14-juin-2025-a-san-remo","status":"publish","type":"post","link":"https:\/\/encouragement-public.org\/delegation-maroc\/assemblee-generale-ordinaire-14-juin-2025-a-san-remo\/","title":{"rendered":"Assembl\u00e9e G\u00e9n\u00e9rale Ordinaire \u2013 14 juin 2025 \u00e0 San Remo"},"content":{"rendered":"\n<h2 class=\"wp-block-heading has-medium-font-size\"><strong>Assembl\u00e9e G\u00e9n\u00e9rale Ordinaire \u2013 14 juin 2025 \u00e0 San Remo<\/strong><\/h2>\n\n\n\n<p>Chers Compagnons, Chers Amis,<\/p>\n\n\n\n<p>L\u2019Encouragement Public a le plaisir de vous convier \u00e0 son Assembl\u00e9e G\u00e9n\u00e9rale Ordinaire qui se tiendra le <strong>samedi 14 juin 2025 \u00e0 17h30<\/strong> \u00e0 l\u2019<strong>H\u00f4tel des Anglais<\/strong><br>Salita Grande H\u00f4tel, 8 \u2013 18038 San Remo (Italie) .<\/p>\n\n\n\n<p><strong>Programme de la soir\u00e9e<\/strong><\/p>\n\n\n\n<ul class=\"wp-block-list\">\n<li>Accueil du Pr\u00e9sident<\/li>\n\n\n\n<li>Pr\u00e9sentation du rapport moral<\/li>\n\n\n\n<li>Pr\u00e9sentation du rapport financier<\/li>\n\n\n\n<li>Rapport des d\u00e9l\u00e9gu\u00e9s<\/li>\n\n\n\n<li>Organisation de l\u2019Assembl\u00e9e G\u00e9n\u00e9rale 2026<\/li>\n\n\n\n<li>Questions diverses (merci de nous les faire parvenir par \u00e9crit avant le 14 mai 2025)<\/li>\n<\/ul>\n\n\n\n<p>\u00c0 l\u2019issue de l\u2019Assembl\u00e9e, une remise de r\u00e9compenses sera suivie d\u2019un cocktail et d\u2019un d\u00eener de bienfaisance anim\u00e9. <strong>Pour participer au d\u00eener de bienfaisance (70 \u20ac), nous vous invitons \u00e0 remplir et retourner le bulletin de participation, accompagn\u00e9 du r\u00e8glement, avant le 14 mai 2025<\/strong>.<\/p>\n\n\n\n<p><strong>Modalit\u00e9s d\u2019h\u00e9bergement<\/strong><br>Pour celles et ceux qui souhaiteraient arriver la veille, notre Vice-Pr\u00e9sident D\u00e9l\u00e9gu\u00e9, Enzo Pasqualone, a n\u00e9goci\u00e9 des tarifs pr\u00e9f\u00e9rentiels \u00e0 l\u2019H\u00f4tel des Anglais. Lors de votre r\u00e9servation, merci d\u2019indiquer la r\u00e9f\u00e9rence \u00ab&nbsp;Encouragement Public&nbsp;\u00bb ainsi que le nom du Dr. Enzo Pasqualone di Montereale. Vous trouverez l\u2019ensemble des modalit\u00e9s et tarifs dans le document d\u00e9di\u00e9 .<\/p>\n\n\n\n<p>Cliquer sur le lien: <a href=\"https:\/\/encouragement-public.org\/delegation-maroc\/wp-content\/uploads\/sites\/19\/2025\/03\/Modalites-AG-SAN-REMO-Reservations-Pouvoirs-2025.pdf\">Modalit\u00e9s AG SAN REMO &#8211; R\u00e9servations 2025<\/a><\/p>\n\n\n\n<p>Nous esp\u00e9rons vous retrouver nombreux pour partager ensemble ce moment de convivialit\u00e9 et de reconnaissance du m\u00e9rite.<\/p>\n\n\n\n<p>Cordialement,<br><strong>Alain PISANI<\/strong><br>Le Pr\u00e9sident<br>Encouragement Public<\/p>\n\n\n\n<p><em>Paris, le 10 f\u00e9vrier 2025<\/em><\/p>\n","protected":false},"excerpt":{"rendered":"<p>Assembl\u00e9e G\u00e9n\u00e9rale Ordinaire \u2013 14 juin 2025 \u00e0 San Remo Chers Compagnons, Chers Amis, L\u2019Encouragement&#8230;<\/p>\n","protected":false},"author":1,"featured_media":9934,"comment_status":"open","ping_status":"open","sticky":false,"template":"","format":"standard","meta":{"footnotes":""},"categories":[330,269,328],"tags":[],"class_list":["post-9931","post","type-post","status-publish","format-standard","has-post-thumbnail","hentry","category-ambiance-ag","category-programme","category-siege"],"yoast_head":"<!-- This site is optimized with the Yoast SEO plugin v27.5 - https:\/\/yoast.com\/product\/yoast-seo-wordpress\/ -->\n<title>Assembl\u00e9e G\u00e9n\u00e9rale Ordinaire \u2013 14 juin 2025 \u00e0 San Remo - D\u00e9l\u00e9gation Maroc<\/title>\n<meta name=\"robots\" content=\"index, follow, max-snippet:-1, max-image-preview:large, max-video-preview:-1\" \/>\n<link rel=\"canonical\" href=\"https:\/\/encouragement-public.org\/delegation-maroc\/assemblee-generale-ordinaire-14-juin-2025-a-san-remo\/\" \/>\n<meta property=\"og:locale\" content=\"fr_FR\" \/>\n<meta property=\"og:type\" content=\"article\" \/>\n<meta property=\"og:title\" content=\"Assembl\u00e9e G\u00e9n\u00e9rale Ordinaire \u2013 14 juin 2025 \u00e0 San Remo - D\u00e9l\u00e9gation Maroc\" \/>\n<meta property=\"og:description\" content=\"Assembl\u00e9e G\u00e9n\u00e9rale Ordinaire \u2013 14 juin 2025 \u00e0 San Remo Chers Compagnons, Chers Amis, L\u2019Encouragement...\" \/>\n<meta property=\"og:url\" content=\"https:\/\/encouragement-public.org\/delegation-maroc\/assemblee-generale-ordinaire-14-juin-2025-a-san-remo\/\" \/>\n<meta property=\"og:site_name\" content=\"D\u00e9l\u00e9gation Maroc\" \/>\n<meta property=\"article:published_time\" content=\"2025-03-14T11:22:35+00:00\" \/>\n<meta property=\"article:modified_time\" content=\"2025-04-01T18:19:04+00:00\" \/>\n<meta property=\"og:image\" content=\"https:\/\/encouragement-public.org\/delegation-maroc\/wp-content\/uploads\/sites\/19\/2025\/03\/Hotel-des-Anglais.jpg\" \/>\n\t<meta property=\"og:image:width\" content=\"1024\" \/>\n\t<meta property=\"og:image:height\" content=\"683\" \/>\n\t<meta property=\"og:image:type\" content=\"image\/jpeg\" \/>\n<meta name=\"author\" content=\"EP-France\" \/>\n<meta name=\"twitter:card\" content=\"summary_large_image\" \/>\n<meta name=\"twitter:label1\" content=\"\u00c9crit par\" \/>\n\t<meta name=\"twitter:data1\" content=\"EP-France\" \/>\n\t<meta name=\"twitter:label2\" content=\"Dur\u00e9e de lecture estim\u00e9e\" \/>\n\t<meta name=\"twitter:data2\" content=\"2 minutes\" \/>\n<script type=\"application\/ld+json\" class=\"yoast-schema-graph\">{\"@context\":\"https:\\\/\\\/schema.org\",\"@graph\":[{\"@type\":\"Article\",\"@id\":\"https:\\\/\\\/encouragement-public.org\\\/delegation-maroc\\\/assemblee-generale-ordinaire-14-juin-2025-a-san-remo\\\/#article\",\"isPartOf\":{\"@id\":\"https:\\\/\\\/encouragement-public.org\\\/delegation-maroc\\\/assemblee-generale-ordinaire-14-juin-2025-a-san-remo\\\/\"},\"author\":{\"name\":\"EP-France\",\"@id\":\"https:\\\/\\\/encouragement-public.org\\\/delegation-maroc\\\/#\\\/schema\\\/person\\\/2d658710b1357f9e567503f0527fbfcd\"},\"headline\":\"Assembl\u00e9e G\u00e9n\u00e9rale Ordinaire \u2013 14 juin 2025 \u00e0 San Remo\",\"datePublished\":\"2025-03-14T11:22:35+00:00\",\"dateModified\":\"2025-04-01T18:19:04+00:00\",\"mainEntityOfPage\":{\"@id\":\"https:\\\/\\\/encouragement-public.org\\\/delegation-maroc\\\/assemblee-generale-ordinaire-14-juin-2025-a-san-remo\\\/\"},\"wordCount\":268,\"commentCount\":0,\"image\":{\"@id\":\"https:\\\/\\\/encouragement-public.org\\\/delegation-maroc\\\/assemblee-generale-ordinaire-14-juin-2025-a-san-remo\\\/#primaryimage\"},\"thumbnailUrl\":\"https:\\\/\\\/encouragement-public.org\\\/delegation-maroc\\\/wp-content\\\/uploads\\\/sites\\\/19\\\/2025\\\/03\\\/Hotel-des-Anglais.jpg\",\"articleSection\":[\"AMBIANCE AG\",\"PROGRAMME\",\"SI\u00c8GE\"],\"inLanguage\":\"fr-FR\"},{\"@type\":\"WebPage\",\"@id\":\"https:\\\/\\\/encouragement-public.org\\\/delegation-maroc\\\/assemblee-generale-ordinaire-14-juin-2025-a-san-remo\\\/\",\"url\":\"https:\\\/\\\/encouragement-public.org\\\/delegation-maroc\\\/assemblee-generale-ordinaire-14-juin-2025-a-san-remo\\\/\",\"name\":\"Assembl\u00e9e G\u00e9n\u00e9rale Ordinaire \u2013 14 juin 2025 \u00e0 San Remo - D\u00e9l\u00e9gation Maroc\",\"isPartOf\":{\"@id\":\"https:\\\/\\\/encouragement-public.org\\\/delegation-maroc\\\/#website\"},\"primaryImageOfPage\":{\"@id\":\"https:\\\/\\\/encouragement-public.org\\\/delegation-maroc\\\/assemblee-generale-ordinaire-14-juin-2025-a-san-remo\\\/#primaryimage\"},\"image\":{\"@id\":\"https:\\\/\\\/encouragement-public.org\\\/delegation-maroc\\\/assemblee-generale-ordinaire-14-juin-2025-a-san-remo\\\/#primaryimage\"},\"thumbnailUrl\":\"https:\\\/\\\/encouragement-public.org\\\/delegation-maroc\\\/wp-content\\\/uploads\\\/sites\\\/19\\\/2025\\\/03\\\/Hotel-des-Anglais.jpg\",\"datePublished\":\"2025-03-14T11:22:35+00:00\",\"dateModified\":\"2025-04-01T18:19:04+00:00\",\"author\":{\"@id\":\"https:\\\/\\\/encouragement-public.org\\\/delegation-maroc\\\/#\\\/schema\\\/person\\\/2d658710b1357f9e567503f0527fbfcd\"},\"breadcrumb\":{\"@id\":\"https:\\\/\\\/encouragement-public.org\\\/delegation-maroc\\\/assemblee-generale-ordinaire-14-juin-2025-a-san-remo\\\/#breadcrumb\"},\"inLanguage\":\"fr-FR\",\"potentialAction\":[{\"@type\":\"ReadAction\",\"target\":[\"https:\\\/\\\/encouragement-public.org\\\/delegation-maroc\\\/assemblee-generale-ordinaire-14-juin-2025-a-san-remo\\\/\"]}]},{\"@type\":\"ImageObject\",\"inLanguage\":\"fr-FR\",\"@id\":\"https:\\\/\\\/encouragement-public.org\\\/delegation-maroc\\\/assemblee-generale-ordinaire-14-juin-2025-a-san-remo\\\/#primaryimage\",\"url\":\"https:\\\/\\\/encouragement-public.org\\\/delegation-maroc\\\/wp-content\\\/uploads\\\/sites\\\/19\\\/2025\\\/03\\\/Hotel-des-Anglais.jpg\",\"contentUrl\":\"https:\\\/\\\/encouragement-public.org\\\/delegation-maroc\\\/wp-content\\\/uploads\\\/sites\\\/19\\\/2025\\\/03\\\/Hotel-des-Anglais.jpg\",\"width\":1024,\"height\":683},{\"@type\":\"BreadcrumbList\",\"@id\":\"https:\\\/\\\/encouragement-public.org\\\/delegation-maroc\\\/assemblee-generale-ordinaire-14-juin-2025-a-san-remo\\\/#breadcrumb\",\"itemListElement\":[{\"@type\":\"ListItem\",\"position\":1,\"name\":\"Accueil\",\"item\":\"https:\\\/\\\/encouragement-public.org\\\/delegation-maroc\\\/\"},{\"@type\":\"ListItem\",\"position\":2,\"name\":\"SANS CAT\u00c9GORIE\",\"item\":\"https:\\\/\\\/encouragement-public.org\\\/delegation-maroc\\\/category\\\/sans-categorie\\\/\"},{\"@type\":\"ListItem\",\"position\":3,\"name\":\"Assembl\u00e9e G\u00e9n\u00e9rale Ordinaire \u2013 14 juin 2025 \u00e0 San Remo\"}]},{\"@type\":\"WebSite\",\"@id\":\"https:\\\/\\\/encouragement-public.org\\\/delegation-maroc\\\/#website\",\"url\":\"https:\\\/\\\/encouragement-public.org\\\/delegation-maroc\\\/\",\"name\":\"D\u00e9l\u00e9gation Maroc\",\"description\":\"Savoir r\u00e9compenser le m\u00e9rite\",\"potentialAction\":[{\"@type\":\"SearchAction\",\"target\":{\"@type\":\"EntryPoint\",\"urlTemplate\":\"https:\\\/\\\/encouragement-public.org\\\/delegation-maroc\\\/?s={search_term_string}\"},\"query-input\":{\"@type\":\"PropertyValueSpecification\",\"valueRequired\":true,\"valueName\":\"search_term_string\"}}],\"inLanguage\":\"fr-FR\"},{\"@type\":\"Person\",\"@id\":\"https:\\\/\\\/encouragement-public.org\\\/delegation-maroc\\\/#\\\/schema\\\/person\\\/2d658710b1357f9e567503f0527fbfcd\",\"name\":\"EP-France\",\"image\":{\"@type\":\"ImageObject\",\"inLanguage\":\"fr-FR\",\"@id\":\"https:\\\/\\\/encouragement-public.org\\\/delegation-maroc\\\/wp-content\\\/uploads\\\/2020\\\/08\\\/icone-EP-134x150.png\",\"url\":\"https:\\\/\\\/encouragement-public.org\\\/delegation-maroc\\\/wp-content\\\/uploads\\\/2020\\\/08\\\/icone-EP-134x150.png\",\"contentUrl\":\"https:\\\/\\\/encouragement-public.org\\\/delegation-maroc\\\/wp-content\\\/uploads\\\/2020\\\/08\\\/icone-EP-134x150.png\",\"caption\":\"EP-France\"},\"url\":\"https:\\\/\\\/encouragement-public.org\\\/delegation-maroc\"}]}<\/script>\n<!-- \/ Yoast SEO plugin. -->","yoast_head_json":{"title":"Assembl\u00e9e G\u00e9n\u00e9rale Ordinaire \u2013 14 juin 2025 \u00e0 San Remo - D\u00e9l\u00e9gation Maroc","robots":{"index":"index","follow":"follow","max-snippet":"max-snippet:-1","max-image-preview":"max-image-preview:large","max-video-preview":"max-video-preview:-1"},"canonical":"https:\/\/encouragement-public.org\/delegation-maroc\/assemblee-generale-ordinaire-14-juin-2025-a-san-remo\/","og_locale":"fr_FR","og_type":"article","og_title":"Assembl\u00e9e G\u00e9n\u00e9rale Ordinaire \u2013 14 juin 2025 \u00e0 San Remo - D\u00e9l\u00e9gation Maroc","og_description":"Assembl\u00e9e G\u00e9n\u00e9rale Ordinaire \u2013 14 juin 2025 \u00e0 San Remo Chers Compagnons, Chers Amis, L\u2019Encouragement...","og_url":"https:\/\/encouragement-public.org\/delegation-maroc\/assemblee-generale-ordinaire-14-juin-2025-a-san-remo\/","og_site_name":"D\u00e9l\u00e9gation Maroc","article_published_time":"2025-03-14T11:22:35+00:00","article_modified_time":"2025-04-01T18:19:04+00:00","og_image":[{"width":1024,"height":683,"url":"https:\/\/encouragement-public.org\/delegation-maroc\/wp-content\/uploads\/sites\/19\/2025\/03\/Hotel-des-Anglais.jpg","type":"image\/jpeg"}],"author":"EP-France","twitter_card":"summary_large_image","twitter_misc":{"\u00c9crit par":"EP-France","Dur\u00e9e de lecture estim\u00e9e":"2 minutes"},"schema":{"@context":"https:\/\/schema.org","@graph":[{"@type":"Article","@id":"https:\/\/encouragement-public.org\/delegation-maroc\/assemblee-generale-ordinaire-14-juin-2025-a-san-remo\/#article","isPartOf":{"@id":"https:\/\/encouragement-public.org\/delegation-maroc\/assemblee-generale-ordinaire-14-juin-2025-a-san-remo\/"},"author":{"name":"EP-France","@id":"https:\/\/encouragement-public.org\/delegation-maroc\/#\/schema\/person\/2d658710b1357f9e567503f0527fbfcd"},"headline":"Assembl\u00e9e G\u00e9n\u00e9rale Ordinaire \u2013 14 juin 2025 \u00e0 San Remo","datePublished":"2025-03-14T11:22:35+00:00","dateModified":"2025-04-01T18:19:04+00:00","mainEntityOfPage":{"@id":"https:\/\/encouragement-public.org\/delegation-maroc\/assemblee-generale-ordinaire-14-juin-2025-a-san-remo\/"},"wordCount":268,"commentCount":0,"image":{"@id":"https:\/\/encouragement-public.org\/delegation-maroc\/assemblee-generale-ordinaire-14-juin-2025-a-san-remo\/#primaryimage"},"thumbnailUrl":"https:\/\/encouragement-public.org\/delegation-maroc\/wp-content\/uploads\/sites\/19\/2025\/03\/Hotel-des-Anglais.jpg","articleSection":["AMBIANCE AG","PROGRAMME","SI\u00c8GE"],"inLanguage":"fr-FR"},{"@type":"WebPage","@id":"https:\/\/encouragement-public.org\/delegation-maroc\/assemblee-generale-ordinaire-14-juin-2025-a-san-remo\/","url":"https:\/\/encouragement-public.org\/delegation-maroc\/assemblee-generale-ordinaire-14-juin-2025-a-san-remo\/","name":"Assembl\u00e9e G\u00e9n\u00e9rale Ordinaire \u2013 14 juin 2025 \u00e0 San Remo - D\u00e9l\u00e9gation Maroc","isPartOf":{"@id":"https:\/\/encouragement-public.org\/delegation-maroc\/#website"},"primaryImageOfPage":{"@id":"https:\/\/encouragement-public.org\/delegation-maroc\/assemblee-generale-ordinaire-14-juin-2025-a-san-remo\/#primaryimage"},"image":{"@id":"https:\/\/encouragement-public.org\/delegation-maroc\/assemblee-generale-ordinaire-14-juin-2025-a-san-remo\/#primaryimage"},"thumbnailUrl":"https:\/\/encouragement-public.org\/delegation-maroc\/wp-content\/uploads\/sites\/19\/2025\/03\/Hotel-des-Anglais.jpg","datePublished":"2025-03-14T11:22:35+00:00","dateModified":"2025-04-01T18:19:04+00:00","author":{"@id":"https:\/\/encouragement-public.org\/delegation-maroc\/#\/schema\/person\/2d658710b1357f9e567503f0527fbfcd"},"breadcrumb":{"@id":"https:\/\/encouragement-public.org\/delegation-maroc\/assemblee-generale-ordinaire-14-juin-2025-a-san-remo\/#breadcrumb"},"inLanguage":"fr-FR","potentialAction":[{"@type":"ReadAction","target":["https:\/\/encouragement-public.org\/delegation-maroc\/assemblee-generale-ordinaire-14-juin-2025-a-san-remo\/"]}]},{"@type":"ImageObject","inLanguage":"fr-FR","@id":"https:\/\/encouragement-public.org\/delegation-maroc\/assemblee-generale-ordinaire-14-juin-2025-a-san-remo\/#primaryimage","url":"https:\/\/encouragement-public.org\/delegation-maroc\/wp-content\/uploads\/sites\/19\/2025\/03\/Hotel-des-Anglais.jpg","contentUrl":"https:\/\/encouragement-public.org\/delegation-maroc\/wp-content\/uploads\/sites\/19\/2025\/03\/Hotel-des-Anglais.jpg","width":1024,"height":683},{"@type":"BreadcrumbList","@id":"https:\/\/encouragement-public.org\/delegation-maroc\/assemblee-generale-ordinaire-14-juin-2025-a-san-remo\/#breadcrumb","itemListElement":[{"@type":"ListItem","position":1,"name":"Accueil","item":"https:\/\/encouragement-public.org\/delegation-maroc\/"},{"@type":"ListItem","position":2,"name":"SANS CAT\u00c9GORIE","item":"https:\/\/encouragement-public.org\/delegation-maroc\/category\/sans-categorie\/"},{"@type":"ListItem","position":3,"name":"Assembl\u00e9e G\u00e9n\u00e9rale Ordinaire \u2013 14 juin 2025 \u00e0 San Remo"}]},{"@type":"WebSite","@id":"https:\/\/encouragement-public.org\/delegation-maroc\/#website","url":"https:\/\/encouragement-public.org\/delegation-maroc\/","name":"D\u00e9l\u00e9gation Maroc","description":"Savoir r\u00e9compenser le m\u00e9rite","potentialAction":[{"@type":"SearchAction","target":{"@type":"EntryPoint","urlTemplate":"https:\/\/encouragement-public.org\/delegation-maroc\/?s={search_term_string}"},"query-input":{"@type":"PropertyValueSpecification","valueRequired":true,"valueName":"search_term_string"}}],"inLanguage":"fr-FR"},{"@type":"Person","@id":"https:\/\/encouragement-public.org\/delegation-maroc\/#\/schema\/person\/2d658710b1357f9e567503f0527fbfcd","name":"EP-France","image":{"@type":"ImageObject","inLanguage":"fr-FR","@id":"https:\/\/encouragement-public.org\/delegation-maroc\/wp-content\/uploads\/2020\/08\/icone-EP-134x150.png","url":"https:\/\/encouragement-public.org\/delegation-maroc\/wp-content\/uploads\/2020\/08\/icone-EP-134x150.png","contentUrl":"https:\/\/encouragement-public.org\/delegation-maroc\/wp-content\/uploads\/2020\/08\/icone-EP-134x150.png","caption":"EP-France"},"url":"https:\/\/encouragement-public.org\/delegation-maroc"}]}},"_links":{"self":[{"href":"https:\/\/encouragement-public.org\/delegation-maroc\/wp-json\/wp\/v2\/posts\/9931","targetHints":{"allow":["GET"]}}],"collection":[{"href":"https:\/\/encouragement-public.org\/delegation-maroc\/wp-json\/wp\/v2\/posts"}],"about":[{"href":"https:\/\/encouragement-public.org\/delegation-maroc\/wp-json\/wp\/v2\/types\/post"}],"author":[{"embeddable":true,"href":"https:\/\/encouragement-public.org\/delegation-maroc\/wp-json\/wp\/v2\/users\/1"}],"replies":[{"embeddable":true,"href":"https:\/\/encouragement-public.org\/delegation-maroc\/wp-json\/wp\/v2\/comments?post=9931"}],"version-history":[{"count":15,"href":"https:\/\/encouragement-public.org\/delegation-maroc\/wp-json\/wp\/v2\/posts\/9931\/revisions"}],"predecessor-version":[{"id":9949,"href":"https:\/\/encouragement-public.org\/delegation-maroc\/wp-json\/wp\/v2\/posts\/9931\/revisions\/9949"}],"wp:featuredmedia":[{"embeddable":true,"href":"https:\/\/encouragement-public.org\/delegation-maroc\/wp-json\/wp\/v2\/media\/9934"}],"wp:attachment":[{"href":"https:\/\/encouragement-public.org\/delegation-maroc\/wp-json\/wp\/v2\/media?parent=9931"}],"wp:term":[{"taxonomy":"category","embeddable":true,"href":"https:\/\/encouragement-public.org\/delegation-maroc\/wp-json\/wp\/v2\/categories?post=9931"},{"taxonomy":"post_tag","embeddable":true,"href":"https:\/\/encouragement-public.org\/delegation-maroc\/wp-json\/wp\/v2\/tags?post=9931"}],"curies":[{"name":"wp","href":"https:\/\/api.w.org\/{rel}","templated":true}]}}